{"id":9752,"date":"2026-04-07T12:18:11","date_gmt":"2026-04-07T15:18:11","guid":{"rendered":"https:\/\/www.eba.ufmg.br\/?p=9752"},"modified":"2026-04-07T12:18:18","modified_gmt":"2026-04-07T15:18:18","slug":"arte-culturas-e-novos-horizontes-a-eba-ufmg-celebra-69-anos-de-producoes-em-arte-pesquisa-ensino-resistencia-transformacao-e-compromisso-com-o-futuro","status":"publish","type":"post","link":"https:\/\/www.eba.ufmg.br\/index.php\/arte-culturas-e-novos-horizontes-a-eba-ufmg-celebra-69-anos-de-producoes-em-arte-pesquisa-ensino-resistencia-transformacao-e-compromisso-com-o-futuro\/2026\/04\/","title":{"rendered":"Arte, culturas e novos horizontes: A EBA-UFMG celebra 69 anos de produ\u00e7\u00f5es em arte, pesquisa, ensino, resist\u00eancia, transforma\u00e7\u00e3o e compromisso com o futuro."},"content":{"rendered":"\n<p>A Escola de Belas Artes da Universidade Federal de Minas Gerais (EBA-UFMG) completou neste 5 de abril, 69 anos de hist\u00f3ria \u2014 uma trajet\u00f3ria que come\u00e7ou em condi\u00e7\u00f5es prec\u00e1rias e se consolidou como uma das mais vibrantes institui\u00e7\u00f5es de ensino art\u00edstico do pa\u00eds.<br><br>O marco inaugural ocorreu em 5 de abril de 1957, quando a Congrega\u00e7\u00e3o da Escola de Arquitetura da ent\u00e3o Universidade de Minas Gerais decidiu criar o Curso de Arte. Os primeiros alunos chegaram a frequentar aulas em galp\u00f5es de constru\u00e7\u00e3o no campus Pampulha, ao lado de vergalh\u00f5es e concreto. Da adversidade, nasceu uma identidade singular: plural, resistente e pioneira.<br><br>Ao longo de quase sete d\u00e9cadas, a EBA esteve na vanguarda: foi palco do primeiro Festival de Inverno do pa\u00eds, em 1967, espa\u00e7o de resist\u00eancia cultural durante o regime militar; criou o Centro de Conserva\u00e7\u00e3o e Restaura\u00e7\u00e3o de Bens Culturais M\u00f3veis (Cecor), hoje refer\u00eancia internacional; e expandiu seus horizontes com gradua\u00e7\u00f5es em Teatro, Cinema de Anima\u00e7\u00e3o e Artes Digitais, Design de Moda, Dan\u00e7a e Conserva\u00e7\u00e3o e Restaura\u00e7\u00e3o.<br><br>Sob a dire\u00e7\u00e3o da Prof\u00aa. Dr\u00aa. Camila Rodrigues Moreira Cruz, a EBA inicia o compasso de contagem regressiva para 2027, ano em que celebrar\u00e1 seus 70 anos em perfeita sincronia com o centen\u00e1rio da pr\u00f3pria UFMG. A coincid\u00eancia n\u00e3o \u00e9 apenas simb\u00f3lica: ela evidencia que a hist\u00f3ria da Escola e a da Universidade se entrela\u00e7am de forma indissoci\u00e1vel desde as origens. Seguimos juntos com o compromisso de contribuir e conduzir a arte e as culturas, no \u00e2mbito das pr\u00e1ticas, do ensino, da pesquisa e da extens\u00e3o com efici\u00eancia, de m\u00e3os dadas com a nossa Universidade centen\u00e1ria.<\/p>\n","protected":false},"excerpt":{"rendered":"<p>A Escola de Belas Artes da Universidade Federal de Minas Gerais (EBA-UFMG) completou neste 5 de abril, 69 anos de hist\u00f3ria \u2014 uma trajet\u00f3ria que come\u00e7ou em condi\u00e7\u00f5es prec\u00e1rias e se consolidou como uma das mais vibrantes institui\u00e7\u00f5es de ensino<\/p>\n","protected":false},"author":1,"featured_media":9356,"comment_status":"closed","ping_status":"open","sticky":false,"template":"","format":"standard","meta":{"_eb_attr":"","footnotes":""},"categories":[1],"tags":[],"class_list":["post-9752","post","type-post","status-publish","format-standard","has-post-thumbnail","hentry","category-sem-categoria"],"_links":{"self":[{"href":"https:\/\/www.eba.ufmg.br\/index.php\/wp-json\/wp\/v2\/posts\/9752","targetHints":{"allow":["GET"]}}],"collection":[{"href":"https:\/\/www.eba.ufmg.br\/index.php\/wp-json\/wp\/v2\/posts"}],"about":[{"href":"https:\/\/www.eba.ufmg.br\/index.php\/wp-json\/wp\/v2\/types\/post"}],"author":[{"embeddable":true,"href":"https:\/\/www.eba.ufmg.br\/index.php\/wp-json\/wp\/v2\/users\/1"}],"replies":[{"embeddable":true,"href":"https:\/\/www.eba.ufmg.br\/index.php\/wp-json\/wp\/v2\/comments?post=9752"}],"version-history":[{"count":2,"href":"https:\/\/www.eba.ufmg.br\/index.php\/wp-json\/wp\/v2\/posts\/9752\/revisions"}],"predecessor-version":[{"id":9767,"href":"https:\/\/www.eba.ufmg.br\/index.php\/wp-json\/wp\/v2\/posts\/9752\/revisions\/9767"}],"wp:featuredmedia":[{"embeddable":true,"href":"https:\/\/www.eba.ufmg.br\/index.php\/wp-json\/wp\/v2\/media\/9356"}],"wp:attachment":[{"href":"https:\/\/www.eba.ufmg.br\/index.php\/wp-json\/wp\/v2\/media?parent=9752"}],"wp:term":[{"taxonomy":"category","embeddable":true,"href":"https:\/\/www.eba.ufmg.br\/index.php\/wp-json\/wp\/v2\/categories?post=9752"},{"taxonomy":"post_tag","embeddable":true,"href":"https:\/\/www.eba.ufmg.br\/index.php\/wp-json\/wp\/v2\/tags?post=9752"}],"curies":[{"name":"wp","href":"https:\/\/api.w.org\/{rel}","templated":true}]}}