{"id":9750,"date":"2026-04-06T08:36:00","date_gmt":"2026-04-06T11:36:00","guid":{"rendered":"https:\/\/www.eba.ufmg.br\/?p=9750"},"modified":"2026-04-07T07:38:01","modified_gmt":"2026-04-07T10:38:01","slug":"exposicao-metropolitramas-chega-a-ultima-semana-no-espaco-do-conhecimento-ufmg","status":"publish","type":"post","link":"https:\/\/www.eba.ufmg.br\/index.php\/exposicao-metropolitramas-chega-a-ultima-semana-no-espaco-do-conhecimento-ufmg\/2026\/04\/","title":{"rendered":"Exposi\u00e7\u00e3o MetropoliTRAMAS chega \u00e0 \u00faltima semana no Espa\u00e7o do Conhecimento UFMG"},"content":{"rendered":"\n<p class=\"has-vivid-red-color has-text-color has-link-color wp-elements-93c5a870aec0304248599e12781e1d47\" style=\"font-size:10px\">Texto: Assessoria do Centro Cultural UFMG<\/p>\n\n\n\n<p>Por meio do pertencimento e da conex\u00e3o com viv\u00eancias urbanas, que destacam o sonho de uma vida metropolitana mais justa e digna para todas as pessoas, a exposi\u00e7\u00e3o <em>MetropoliTRAMAS<\/em> prop\u00f4s, ao longo de dois anos, uma experi\u00eancia envolvente e multifacetada aos visitantes do Espa\u00e7o do Conhecimento UFMG. Agora, a mostra entra em sua reta final e segue aberta para visita\u00e7\u00e3o at\u00e9 12 de abril, domingo.<\/p>\n\n\n\n<p>Inaugurada em dezembro de 2023, em comemora\u00e7\u00e3o aos 50 anos da Regi\u00e3o Metropolitana de Belo Horizonte (RMBH), a exposi\u00e7\u00e3o apresenta ao p\u00fablico uma metr\u00f3pole em tramas que entrela\u00e7a pessoas, paisagens, manifesta\u00e7\u00f5es sociais, mem\u00f3rias afetivas, repert\u00f3rios culturais, pluralidades, prazeres e tens\u00f5es. Suas nove instala\u00e7\u00f5es \u2013 <em>Tramas do Tempo<\/em>, <em>Tramas e Utopias<\/em>, <em>Tramas do Territ\u00f3rio<\/em>, <em>Tramas e Trilhas<\/em>, <em>Tramas em Luta<\/em>, <em>Tramas Afetivas<\/em>, <em>Tramas Culturais<\/em>, <em>Tramas Educativas<\/em> e <em>Tramas em Movimento<\/em> \u2013 abordam as diversas faces da RMBH, a partir da curadoria dos seguintes professores da UFMG: Roberto Lu\u00eds de Melo Monte-M\u00f3r (Faculdade de Ci\u00eancias Econ\u00f4micas), Helo\u00edsa Soares de Moura Costa (Instituto de Geoci\u00eancias), Jupira Gomes de Mendon\u00e7a (Escola de Arquitetura), Junia Maria Ferrari de Lima (Escola de Arquitetura) e Geraldo Magela Costa (Instituto de Geoci\u00eancias).<\/p>\n\n\n\n<p>Desde a sua abertura, <em>MetropoliTRAMAS<\/em> j\u00e1 recebeu mais de 130 mil visitantes, espont\u00e2neos e escolares, da Regi\u00e3o Metropolitana, do interior de Minas Gerais, de outros estados do Brasil e diversos pa\u00edses do mundo. Em meio a multiplicidades culturais e origens distintas, p\u00fablicos de diferentes idades e localidades puderam se reconhecer de alguma forma nas viv\u00eancias retratadas no museu.&nbsp;<\/p>\n\n\n\n<p>\u201cA gente viaja no tempo e no espa\u00e7o, mas com muita emo\u00e7\u00e3o no cora\u00e7\u00e3o de tudo aquilo que j\u00e1 vivemos e ainda estamos vivendo\u201d, avaliou Ronilda Maria, visitante de Betim (MG) que deixou seu depoimento no livro de registros dispon\u00edvel na exposi\u00e7\u00e3o. J\u00e1 Jessica Pereira, de Mau\u00e1 (SP), relatou que a mostra \u00e9 importante para pessoas de dentro e de fora da RMBH, compartilhando a cultura da regi\u00e3o.<\/p>\n\n\n\n<p>A exposi\u00e7\u00e3o tamb\u00e9m reverberou a partir de m\u00faltiplas a\u00e7\u00f5es educativas, como as itiner\u00e2ncias realizadas em institui\u00e7\u00f5es p\u00fablicas de ensino de diversos munic\u00edpios, a visita mediada <em>Tramas do Futebol<\/em>, a sess\u00e3o de Planet\u00e1rio <em>O C\u00e9u da Regi\u00e3o Metropolitana de BH<\/em>, o concurso de fotografias e exposi\u00e7\u00e3o de curta-dura\u00e7\u00e3o <em>Olhares Metropolitanos<\/em> e as oficinas <em>Sistema Solar na RMBH<\/em>, <em>Slam do Conhecimento<\/em>, <em>Tramas e Ra\u00edzes: \u00c1rvores da RMBH<\/em>, <em>Hist\u00f3rias e Mem\u00f3rias na RMBH<\/em> e <em>MetropoliTRILHAS<\/em>. A equipe multidisciplinar do Espa\u00e7o do Conhecimento, em conjunto com as cidad\u00e3s e os cidad\u00e3os metropolitanos, constru\u00edram projetos que ultrapassaram o ambiente museal e alcan\u00e7aram variadas cidades e comunidades.<\/p>\n\n\n\n<p>O museu funciona de ter\u00e7a a domingo, das 10h \u00e0s 17h, e aos s\u00e1bados, das 10h \u00e0s 21h. A exposi\u00e7\u00e3o <em>MetropoliTRAMAS<\/em> pode ser visitada at\u00e9 o dia 12 de abril. Mais informa\u00e7\u00f5es em <a href=\"http:\/\/www.ufmg.br\/espacodoconhecimento\/exposicoes\/metropolitramas\/\" target=\"_blank\" rel=\"noreferrer noopener\">www.ufmg.br\/espacodoconhecimento\/exposicoes\/metropolitramas\/<\/a><\/p>\n\n\n\n<p><em>MetropoliTRAMAS<\/em> foi viabilizada pelo patroc\u00ednio do Instituto Unimed-BH e da Funda\u00e7\u00e3o Ipead. A mostra conta com o apoio da Pr\u00f3-Reitoria de Cultura da UFMG (Procult) e da Universidade Federal de Minas Gerais. Realiza\u00e7\u00e3o: Espa\u00e7o do Conhecimento UFMG.<\/p>\n\n\n\n<p><\/p>\n\n\n\n<p style=\"font-size:18px\"><strong><em>Exposi\u00e7\u00e3o MetropoliTRAMAS \u2013 \u00faltimos dias<\/em><br><br>Quando: ter\u00e7a a domingo, das 10h \u00e0s 17h | s\u00e1bado, das 10h \u00e0s 21h &#8211; At\u00e9 12 de abril<br><br>P\u00fablico: crian\u00e7as, jovens, adultos e idosos &#8211; Visita\u00e7\u00e3o livre e gratuita<br><br>Onde: 2\u00b0 andar &#8211; Espa\u00e7o do Conhecimento UFMG (Pra\u00e7a da Liberdade, 700 \u2013 Funcion\u00e1rios, Belo Horizonte \/ MG)<\/strong><\/p>\n\n\n\n<p><\/p>\n","protected":false},"excerpt":{"rendered":"<p>Texto: Assessoria do Centro Cultural UFMG Por meio do pertencimento e da conex\u00e3o com viv\u00eancias urbanas, que destacam o sonho de uma vida metropolitana mais justa e digna para todas as pessoas, a exposi\u00e7\u00e3o MetropoliTRAMAS prop\u00f4s, ao longo de dois<\/p>\n","protected":false},"author":1,"featured_media":9356,"comment_status":"closed","ping_status":"open","sticky":false,"template":"","format":"standard","meta":{"_eb_attr":"","footnotes":""},"categories":[1],"tags":[],"class_list":["post-9750","post","type-post","status-publish","format-standard","has-post-thumbnail","hentry","category-sem-categoria"],"_links":{"self":[{"href":"https:\/\/www.eba.ufmg.br\/index.php\/wp-json\/wp\/v2\/posts\/9750","targetHints":{"allow":["GET"]}}],"collection":[{"href":"https:\/\/www.eba.ufmg.br\/index.php\/wp-json\/wp\/v2\/posts"}],"about":[{"href":"https:\/\/www.eba.ufmg.br\/index.php\/wp-json\/wp\/v2\/types\/post"}],"author":[{"embeddable":true,"href":"https:\/\/www.eba.ufmg.br\/index.php\/wp-json\/wp\/v2\/users\/1"}],"replies":[{"embeddable":true,"href":"https:\/\/www.eba.ufmg.br\/index.php\/wp-json\/wp\/v2\/comments?post=9750"}],"version-history":[{"count":1,"href":"https:\/\/www.eba.ufmg.br\/index.php\/wp-json\/wp\/v2\/posts\/9750\/revisions"}],"predecessor-version":[{"id":9751,"href":"https:\/\/www.eba.ufmg.br\/index.php\/wp-json\/wp\/v2\/posts\/9750\/revisions\/9751"}],"wp:featuredmedia":[{"embeddable":true,"href":"https:\/\/www.eba.ufmg.br\/index.php\/wp-json\/wp\/v2\/media\/9356"}],"wp:attachment":[{"href":"https:\/\/www.eba.ufmg.br\/index.php\/wp-json\/wp\/v2\/media?parent=9750"}],"wp:term":[{"taxonomy":"category","embeddable":true,"href":"https:\/\/www.eba.ufmg.br\/index.php\/wp-json\/wp\/v2\/categories?post=9750"},{"taxonomy":"post_tag","embeddable":true,"href":"https:\/\/www.eba.ufmg.br\/index.php\/wp-json\/wp\/v2\/tags?post=9750"}],"curies":[{"name":"wp","href":"https:\/\/api.w.org\/{rel}","templated":true}]}}