{"id":9531,"date":"2026-02-11T13:29:31","date_gmt":"2026-02-11T16:29:31","guid":{"rendered":"https:\/\/www.eba.ufmg.br\/?p=9531"},"modified":"2026-02-11T13:29:42","modified_gmt":"2026-02-11T16:29:42","slug":"exposicao-de-isabel-moreira-no-centro-cultural-ufmg-investiga-questoes-de-intimidade-e-pertencimento","status":"publish","type":"post","link":"https:\/\/www.eba.ufmg.br\/index.php\/exposicao-de-isabel-moreira-no-centro-cultural-ufmg-investiga-questoes-de-intimidade-e-pertencimento\/2026\/02\/","title":{"rendered":"Exposi\u00e7\u00e3o de Isabel Moreira, no Centro Cultural UFMG, investiga quest\u00f5es de intimidade e pertencimento"},"content":{"rendered":"\n<p class=\"has-vivid-red-color has-text-color has-link-color wp-elements-93c5a870aec0304248599e12781e1d47\" style=\"font-size:10px\">Texto: Assessoria do Centro Cultural UFMG<\/p>\n\n\n\n<p>O Centro Cultural UFMG ter\u00e1 a abertura da exposi\u00e7\u00e3o individual <em>Meu Segredo Bem Guardado<\/em>, da artista <a href=\"https:\/\/www.instagram.com\/bebelmori_\/\" target=\"_blank\" rel=\"noreferrer noopener\">Isabel Moreira<\/a>, com curadoria de Maria Mendes. A mostra re\u00fane s\u00e9ries de desenhos, registros de performance, videoarte e instala\u00e7\u00e3o. O evento acontecer\u00e1 no dia 13 de fevereiro, sexta-feira, \u00e0s 19h. As obras poder\u00e3o ser vistas at\u00e9 23 de mar\u00e7o de 2026. A entrada \u00e9 gratuita e tem classifica\u00e7\u00e3o livre.<\/p>\n\n\n\n<p><strong><em>Meu Segredo Bem Guardado<\/em><\/strong><\/p>\n\n\n\n<p>A proposta da artista \u00e9 conceber a pr\u00f3pria exposi\u00e7\u00e3o como uma grande obra, na qual cada elemento contribui para a constru\u00e7\u00e3o de uma experi\u00eancia integrada. A expografia articula os trabalhos de modo que se relacionem de forma quase indissoci\u00e1vel, refor\u00e7ando a ideia de unidade do conjunto.<\/p>\n\n\n\n<p>Nesse espa\u00e7o-obra, Isabel Moreira prop\u00f5e ao p\u00fablico um mergulho em sua investiga\u00e7\u00e3o sobre intimidade e pertencimento, articulando um ambiente que se estrutura na dimens\u00e3o do sens\u00edvel e do anseio.<\/p>\n\n\n\n<p><strong>Sobre a artista<\/strong><\/p>\n\n\n\n<p>Isabel Moreira trabalha com desenho, fotografia e performance, explorando o contraste entre o universo da intimidade e o espa\u00e7o coletivo. Sua pesquisa investiga as demarca\u00e7\u00f5es de espa\u00e7os e fronteiras, tanto nas paisagens internas quanto externas, refletindo sobre as quest\u00f5es de pertencimento e os limites do que \u00e9 considerado dentro e fora de casa. Participou da exposi\u00e7\u00e3o <em>Sob o Mesmo C\u00e9u<\/em>, no Festival de Fotografia de Tiradentes (2023), integrou a primeira edi\u00e7\u00e3o da resid\u00eancia Casa Camelo (2024) e, atualmente, \u00e9 graduanda em Artes Gr\u00e1ficas pela Escola de Belas Artes (EBA) da UFMG.<\/p>\n\n\n\n<p><strong>Sobre a curadora<\/strong><\/p>\n\n\n\n<p>Maria Mendes \u00e9 artista-curadora, graduada em Artes Visuais pela Escola de Belas Artes da UFMG. Participou, em 2024, da Resid\u00eancia Curatorial da ZAIT e da resid\u00eancia art\u00edstica OCUPA ESPAI. Atualmente, cursa MBA em Gest\u00e3o de Museus e Inova\u00e7\u00e3o pela Associa\u00e7\u00e3o Brasileira de Gest\u00e3o Cultural. Entre os projetos que integrou, destaca-se sua atua\u00e7\u00e3o como assistente de curadoria na exposi\u00e7\u00e3o <em>Corina <\/em>(2025), de Luisa Godoy, al\u00e9m da participa\u00e7\u00e3o em importantes exposi\u00e7\u00f5es coletivas, como <em>Sobre Isto, Sobretudo Sobre Tudo Isso<\/em>, no Museu Mineiro (2024), e <em>Cientistas e Alquimistas<\/em>, no Pal\u00e1cio das Artes (2024). Em 2023, realizou sua primeira exposi\u00e7\u00e3o individual, <em>\u00c1GUA-DESENHO: Paisagens de Mundo<\/em>, no Centro Cultural UFMG.<\/p>\n\n\n\n<p style=\"font-size:16px\"><strong>Exposi\u00e7\u00e3o <em>Meu Segredo Bem Guardado<\/em> \u2013 Isabel Moreira<br>Abertura: 13 de fevereiro de 2026 | \u00e0s 19h<br>Visita\u00e7\u00e3o: at\u00e9 o dia 23\/03\/2026<br>Ter\u00e7as a sextas-feiras: 9h \u00e0s 20h<br>S\u00e1bados, domingos e feriados: 9h \u00e0s 17h<br>Sala Ana Horta<br>Classifica\u00e7\u00e3o indicativa: livre<br>Entrada gratuita<\/strong><\/p>\n","protected":false},"excerpt":{"rendered":"<p>Texto: Assessoria do Centro Cultural UFMG O Centro Cultural UFMG ter\u00e1 a abertura da exposi\u00e7\u00e3o individual Meu Segredo Bem Guardado, da artista Isabel Moreira, com curadoria de Maria Mendes. A mostra re\u00fane s\u00e9ries de desenhos, registros de performance, videoarte e<\/p>\n","protected":false},"author":1,"featured_media":9356,"comment_status":"closed","ping_status":"open","sticky":false,"template":"","format":"standard","meta":{"_eb_attr":"","footnotes":""},"categories":[1],"tags":[],"class_list":["post-9531","post","type-post","status-publish","format-standard","has-post-thumbnail","hentry","category-sem-categoria"],"_links":{"self":[{"href":"https:\/\/www.eba.ufmg.br\/index.php\/wp-json\/wp\/v2\/posts\/9531","targetHints":{"allow":["GET"]}}],"collection":[{"href":"https:\/\/www.eba.ufmg.br\/index.php\/wp-json\/wp\/v2\/posts"}],"about":[{"href":"https:\/\/www.eba.ufmg.br\/index.php\/wp-json\/wp\/v2\/types\/post"}],"author":[{"embeddable":true,"href":"https:\/\/www.eba.ufmg.br\/index.php\/wp-json\/wp\/v2\/users\/1"}],"replies":[{"embeddable":true,"href":"https:\/\/www.eba.ufmg.br\/index.php\/wp-json\/wp\/v2\/comments?post=9531"}],"version-history":[{"count":1,"href":"https:\/\/www.eba.ufmg.br\/index.php\/wp-json\/wp\/v2\/posts\/9531\/revisions"}],"predecessor-version":[{"id":9532,"href":"https:\/\/www.eba.ufmg.br\/index.php\/wp-json\/wp\/v2\/posts\/9531\/revisions\/9532"}],"wp:featuredmedia":[{"embeddable":true,"href":"https:\/\/www.eba.ufmg.br\/index.php\/wp-json\/wp\/v2\/media\/9356"}],"wp:attachment":[{"href":"https:\/\/www.eba.ufmg.br\/index.php\/wp-json\/wp\/v2\/media?parent=9531"}],"wp:term":[{"taxonomy":"category","embeddable":true,"href":"https:\/\/www.eba.ufmg.br\/index.php\/wp-json\/wp\/v2\/categories?post=9531"},{"taxonomy":"post_tag","embeddable":true,"href":"https:\/\/www.eba.ufmg.br\/index.php\/wp-json\/wp\/v2\/tags?post=9531"}],"curies":[{"name":"wp","href":"https:\/\/api.w.org\/{rel}","templated":true}]}}