{"id":9284,"date":"2025-12-03T09:15:41","date_gmt":"2025-12-03T12:15:41","guid":{"rendered":"https:\/\/www.eba.ufmg.br\/?p=9284"},"modified":"2025-12-04T18:37:05","modified_gmt":"2025-12-04T21:37:05","slug":"chamada-arte-aqui-4a-edicao","status":"publish","type":"post","link":"https:\/\/www.eba.ufmg.br\/index.php\/chamada-arte-aqui-4a-edicao\/2025\/12\/","title":{"rendered":"CHAMADA ARTE AQUI \u2013 RESULTADO FINAL &#8211;  4\u00aa EDI\u00c7\u00c3O"},"content":{"rendered":"\n<figure class=\"wp-block-image\"><img decoding=\"async\" src=\"https:\/\/www.eba.ufmg.br\/wp-content\/uploads\/2025\/12\/WhatsApp-Image-2025-12-01-at-17.48.58-819x1024.jpeg\" alt=\"A imagem atual n\u00e3o possui texto alternativo. O nome do arquivo \u00e9: WhatsApp-Image-2025-12-01-at-17.48.58.jpeg\"\/><\/figure>\n\n\n\n<p><strong>Resultado Final Edital Arte Aqui 4\u00ba Edi\u00e7\u00e3o<\/strong><\/p>\n\n\n\n<p><strong>PROJETOS SELECIONADOS<\/strong><\/p>\n\n\n\n<p>Confira a LISTA FINAL dos projetos selecionados na edi\u00e7\u00e3o 2025\/02 do Projeto Arte Aqui.<\/p>\n\n\n\n<p>A Comiss\u00e3o de Sele\u00e7\u00e3o foi composta por: Julia Arbex, Daniel Ducato, Ant\u00f4nio Signorini, Michel Morais, Eduardo Queiroga, Sandro Ka, Camila Moreira<\/p>\n\n\n\n<p><strong>GALERIA<\/strong><\/p>\n\n\n\n<p>Selecionados<\/p>\n\n\n\n<p><strong>Conatus<\/strong><\/p>\n\n\n\n<p><em>Ian Nogueira e Guilzeppe Francesco<\/em><\/p>\n\n\n\n<p><strong>Aquilo que sobrevive o Tempo<\/strong><\/p>\n\n\n\n<p><em>Jo\u00e3o Mendon\u00e7a<\/em><\/p>\n\n\n\n<p><strong>Reminesc\u00eancias de um olhar<\/strong><\/p>\n\n\n\n<p><em>Gabriela Rezende<\/em><\/p>\n\n\n\n<p><strong>Hospedar-se no Incerto<\/strong><\/p>\n\n\n\n<p><em>Caio Maroz e Angelita Berdnt<\/em><\/p>\n\n\n\n<p><strong>Aviamento Gr\u00e1fico<\/strong><\/p>\n\n\n\n<p><em>Vit\u00f3ria Canton<\/em><\/p>\n\n\n\n<p>SUPLENTES<\/p>\n\n\n\n<p><strong>Arquivo dos Mundos Perdidos<\/strong><\/p>\n\n\n\n<p><em>Luan Futemma e Luiza Brand\u00e3o<\/em><\/p>\n\n\n\n<p><strong>Imperman\u00eancia<\/strong><\/p>\n\n\n\n<p>Th\u00e2mara Carvalho<\/p>\n\n\n\n<p><strong>Herondina, Encantada da Mina<\/strong><\/p>\n\n\n\n<p><em>Sarah das Neves Prazeres<\/em><\/p>\n\n\n\n<p><strong>OUTDOOR<\/strong><\/p>\n\n\n\n<p>Selecionados<\/p>\n\n\n\n<p><strong>Somos Muitos<\/strong><\/p>\n\n\n\n<p><em>Isabella Beneduci<\/em><\/p>\n\n\n\n<p><strong>Compro, logo existo<\/strong><\/p>\n\n\n\n<p><em>Marcela Membrive<\/em><\/p>\n\n\n\n<p><strong>CUIDADO<\/strong><\/p>\n\n\n\n<p><em>Coletivo Marreta<\/em><\/p>\n\n\n\n<p><strong>ORIGRAFIAS<\/strong><\/p>\n\n\n\n<p><em>Fernando Costaa<\/em><\/p>\n\n\n\n<p><strong>Caminho Comunit\u00e1rio<\/strong><\/p>\n\n\n\n<p><em>Lucas Lima de Paula<\/em><\/p>\n\n\n\n<p><strong>Vozes da rua<\/strong><\/p>\n\n\n\n<p><em>Nicole Zanetti<\/em><\/p>\n\n\n\n<p><strong>R-Existir<\/strong><\/p>\n\n\n\n<p><em>Priscila Rezende<\/em><\/p>\n\n\n\n<p><strong>A coisa mais linda do mundo: da antiarte ao abrigo cotidiano, do outdoor expandido ao parangol\u00e9 de H\u00e9lio Oiticica<\/strong><\/p>\n\n\n\n<p><em>Mariana Jorge<\/em><\/p>\n\n\n\n<p>SUPLENTES<\/p>\n\n\n\n<p><strong>Quadrinhos Curados &#8211; 3 Semanas de Matura\u00e7\u00e3o<\/strong><\/p>\n\n\n\n<p><em>Quadrinhos com Queijo<\/em><\/p>\n\n\n\n<p><strong>Abismo<\/strong><\/p>\n\n\n\n<p><em>J\u00falia Bonfim<\/em><\/p>\n\n\n\n<p><strong>CUBO GR\u00c1FICO<\/strong><\/p>\n\n\n\n<p>Selecionados<\/p>\n\n\n\n<p><strong>Transformar, existir<\/strong><\/p>\n\n\n\n<p><em>Vit Le\u00e3o<\/em><\/p>\n\n\n\n<p><strong>Habita\u00e7\u00f5es<\/strong><\/p>\n\n\n\n<p><em>Cec\u00edlia Castanha<\/em><\/p>\n\n\n\n<p><strong>Embaixo do Viaduto<\/strong><\/p>\n\n\n\n<p><em>F. Danilo<\/em><\/p>\n\n\n\n<p><strong>CORREDOR<\/strong><\/p>\n\n\n\n<p>Selecionados<\/p>\n\n\n\n<p><strong>Amuletos Gastron\u00f4micos: O mineir\u00eas como express\u00e3o de afeto<\/strong><\/p>\n\n\n\n<p><em>J\u00falia Corsino<\/em><\/p>\n\n\n\n<p><strong>Corredor dos Segredos<\/strong><\/p>\n\n\n\n<p><em>Alunos e ex-alunos da disciplina de Fundamentos do Ensino da Arte II e do Ateli\u00ea de Licenciatura<\/em><\/p>\n\n\n\n<p><strong>Talvez Mais Um Peda\u00e7o de Mim<\/strong><\/p>\n\n\n\n<p>Luna Prates<\/p>\n\n\n\n<p><strong>Desarmonias do Agora<\/strong><\/p>\n\n\n\n<p><em>Tsu Franco<\/em><\/p>\n\n\n\n<p><strong>RETOMAR O RIO: n\u00e3o secar a fonte<\/strong><\/p>\n\n\n\n<p><em>Roberto Machado<\/em><\/p>\n\n\n\n<p><strong>EREMITA<\/strong><\/p>\n\n\n\n<p>Eduarda Lucas<\/p>\n\n\n\n<p><strong>Tempo de brincadeira<\/strong><\/p>\n\n\n\n<p><em>Marina Aquino<\/em><\/p>\n\n\n\n<p><strong>GEO<\/strong><\/p>\n\n\n\n<p><em>Daniel Pettersen<\/em><\/p>\n\n\n\n<p>SUPLENTES<\/p>\n\n\n\n<p><strong>Natureza Escura<\/strong><\/p>\n\n\n\n<p><em>D\u00e9bora Mota<\/em><\/p>\n\n\n\n<p><strong>Caminosc\u00f3pio<\/strong><\/p>\n\n\n\n<p><em>Sofia Catarina<\/em><\/p>\n\n\n\n<p><strong>AUDIT\u00d3RIO<\/strong><\/p>\n\n\n\n<p>Selecionado<\/p>\n\n\n\n<p><strong>Incont\u00e1veis Maneiras de Fazer da Vida Um Palco<\/strong><\/p>\n\n\n\n<p><em>Laura Evelyn e Cau\u00e3 Esteves<\/em><\/p>\n\n\n\n<p><strong>PISCIN\u00c3O<\/strong><\/p>\n\n\n\n<p>Selecionados<\/p>\n\n\n\n<p><strong>Caminhos<\/strong><\/p>\n\n\n\n<p><em>Enmei e Isabel Le\u00e3o<\/em><\/p>\n\n\n\n<p><strong>Fruta do Norte<\/strong><\/p>\n\n\n\n<p><em>Ana Bia<\/em><\/p>\n\n\n\n<p><strong>Onde o sal\u00e3o \u00e9 galeria o corte \u00e9 pintura<\/strong><\/p>\n\n\n\n<p>Mar\u00edlia Lima<\/p>\n\n\n\n<p><strong>A Criatura &#8211; Viv\u00eancias de um Ser Desviante<\/strong><\/p>\n\n\n\n<p><em>Sol Cunha<\/em><\/p>\n","protected":false},"excerpt":{"rendered":"<p>Resultado Final Edital Arte Aqui 4\u00ba Edi\u00e7\u00e3o PROJETOS SELECIONADOS Confira a LISTA FINAL dos projetos selecionados na edi\u00e7\u00e3o 2025\/02 do Projeto Arte Aqui. A Comiss\u00e3o de Sele\u00e7\u00e3o foi composta por: Julia Arbex, Daniel Ducato, Ant\u00f4nio Signorini, Michel Morais, Eduardo Queiroga,<\/p>\n","protected":false},"author":2,"featured_media":9286,"comment_status":"closed","ping_status":"open","sticky":false,"template":"","format":"standard","meta":{"_eb_attr":"","footnotes":""},"categories":[65,12,1],"tags":[],"class_list":["post-9284","post","type-post","status-publish","format-standard","has-post-thumbnail","hentry","category-extensao","category-noticias","category-sem-categoria"],"_links":{"self":[{"href":"https:\/\/www.eba.ufmg.br\/index.php\/wp-json\/wp\/v2\/posts\/9284","targetHints":{"allow":["GET"]}}],"collection":[{"href":"https:\/\/www.eba.ufmg.br\/index.php\/wp-json\/wp\/v2\/posts"}],"about":[{"href":"https:\/\/www.eba.ufmg.br\/index.php\/wp-json\/wp\/v2\/types\/post"}],"author":[{"embeddable":true,"href":"https:\/\/www.eba.ufmg.br\/index.php\/wp-json\/wp\/v2\/users\/2"}],"replies":[{"embeddable":true,"href":"https:\/\/www.eba.ufmg.br\/index.php\/wp-json\/wp\/v2\/comments?post=9284"}],"version-history":[{"count":6,"href":"https:\/\/www.eba.ufmg.br\/index.php\/wp-json\/wp\/v2\/posts\/9284\/revisions"}],"predecessor-version":[{"id":9315,"href":"https:\/\/www.eba.ufmg.br\/index.php\/wp-json\/wp\/v2\/posts\/9284\/revisions\/9315"}],"wp:featuredmedia":[{"embeddable":true,"href":"https:\/\/www.eba.ufmg.br\/index.php\/wp-json\/wp\/v2\/media\/9286"}],"wp:attachment":[{"href":"https:\/\/www.eba.ufmg.br\/index.php\/wp-json\/wp\/v2\/media?parent=9284"}],"wp:term":[{"taxonomy":"category","embeddable":true,"href":"https:\/\/www.eba.ufmg.br\/index.php\/wp-json\/wp\/v2\/categories?post=9284"},{"taxonomy":"post_tag","embeddable":true,"href":"https:\/\/www.eba.ufmg.br\/index.php\/wp-json\/wp\/v2\/tags?post=9284"}],"curies":[{"name":"wp","href":"https:\/\/api.w.org\/{rel}","templated":true}]}}