{"id":9067,"date":"2025-09-29T09:42:08","date_gmt":"2025-09-29T12:42:08","guid":{"rendered":"https:\/\/www.eba.ufmg.br\/?p=9067"},"modified":"2025-09-29T09:42:09","modified_gmt":"2025-09-29T12:42:09","slug":"edital-pmg-011-2025-atelie-de-escultura-tb-ceramica","status":"publish","type":"post","link":"https:\/\/www.eba.ufmg.br\/index.php\/edital-pmg-011-2025-atelie-de-escultura-tb-ceramica\/2025\/09\/","title":{"rendered":"Edital PMG 011\/2025 &#8211; Ateli\u00ea de Escultura (TB\/Cer\u00e2mica)"},"content":{"rendered":"\n<p>O Chefe do \u00d3rg\u00e3o Acad\u00eamico Respons\u00e1vel do(a) Departamento de Artes Pl\u00e1sticas , Hugo Maria de Mendon\u00e7a Houayek , faz saber que, no per\u00edodo de 26\/09\/2025 a 04\/10\/2025 , de 14:00:00 \u00e0s 20:00:00 horas, o e-mail jcristeli@yahoo.com.br receber\u00e1 as inscri\u00e7\u00f5es de candidatos para o exame de sele\u00e7\u00e3o do Programa para atuar nas disciplinas\/atividades com carga hor\u00e1ria de 20 horas semanais, das quais 8 horas dever\u00e3o ser alocadas em estudos individuais e atividades de planejamento, realizados por meio de cronograma flex\u00edvel.<\/p>\n\n\n\n<p><a href=\"https:\/\/www.eba.ufmg.br\/wp-content\/uploads\/2025\/09\/20250929-Edital_11_2025-Joao_Cristeli_assinado.pdf\">Edital Completo<\/a><\/p>\n","protected":false},"excerpt":{"rendered":"<p>O Chefe do \u00d3rg\u00e3o Acad\u00eamico Respons\u00e1vel do(a) Departamento de Artes Pl\u00e1sticas , Hugo Maria de Mendon\u00e7a Houayek , faz saber que, no per\u00edodo de 26\/09\/2025 a 04\/10\/2025 , de 14:00:00 \u00e0s 20:00:00 horas, o e-mail jcristeli@yahoo.com.br receber\u00e1 as inscri\u00e7\u00f5es de<\/p>\n","protected":false},"author":1,"featured_media":8340,"comment_status":"closed","ping_status":"open","sticky":false,"template":"","format":"standard","meta":{"_eb_attr":"","footnotes":""},"categories":[1],"tags":[],"class_list":["post-9067","post","type-post","status-publish","format-standard","has-post-thumbnail","hentry","category-sem-categoria"],"_links":{"self":[{"href":"https:\/\/www.eba.ufmg.br\/index.php\/wp-json\/wp\/v2\/posts\/9067","targetHints":{"allow":["GET"]}}],"collection":[{"href":"https:\/\/www.eba.ufmg.br\/index.php\/wp-json\/wp\/v2\/posts"}],"about":[{"href":"https:\/\/www.eba.ufmg.br\/index.php\/wp-json\/wp\/v2\/types\/post"}],"author":[{"embeddable":true,"href":"https:\/\/www.eba.ufmg.br\/index.php\/wp-json\/wp\/v2\/users\/1"}],"replies":[{"embeddable":true,"href":"https:\/\/www.eba.ufmg.br\/index.php\/wp-json\/wp\/v2\/comments?post=9067"}],"version-history":[{"count":2,"href":"https:\/\/www.eba.ufmg.br\/index.php\/wp-json\/wp\/v2\/posts\/9067\/revisions"}],"predecessor-version":[{"id":9072,"href":"https:\/\/www.eba.ufmg.br\/index.php\/wp-json\/wp\/v2\/posts\/9067\/revisions\/9072"}],"wp:featuredmedia":[{"embeddable":true,"href":"https:\/\/www.eba.ufmg.br\/index.php\/wp-json\/wp\/v2\/media\/8340"}],"wp:attachment":[{"href":"https:\/\/www.eba.ufmg.br\/index.php\/wp-json\/wp\/v2\/media?parent=9067"}],"wp:term":[{"taxonomy":"category","embeddable":true,"href":"https:\/\/www.eba.ufmg.br\/index.php\/wp-json\/wp\/v2\/categories?post=9067"},{"taxonomy":"post_tag","embeddable":true,"href":"https:\/\/www.eba.ufmg.br\/index.php\/wp-json\/wp\/v2\/tags?post=9067"}],"curies":[{"name":"wp","href":"https:\/\/api.w.org\/{rel}","templated":true}]}}