{"id":8974,"date":"2025-09-03T16:00:29","date_gmt":"2025-09-03T19:00:29","guid":{"rendered":"https:\/\/www.eba.ufmg.br\/?p=8974"},"modified":"2025-09-04T08:39:57","modified_gmt":"2025-09-04T11:39:57","slug":"resultado-arte-aqui-2025-02","status":"publish","type":"post","link":"https:\/\/www.eba.ufmg.br\/index.php\/resultado-arte-aqui-2025-02\/2025\/09\/","title":{"rendered":"Resultado Arte Aqui 2025\/02"},"content":{"rendered":"\n<figure class=\"wp-block-image\"><img decoding=\"async\" src=\"https:\/\/www.eba.ufmg.br\/wp-content\/uploads\/2025\/09\/WhatsApp-Image-2025-09-03-at-15.51.15-818x1024.jpeg\" alt=\"A imagem atual n\u00e3o possui texto alternativo. O nome do arquivo \u00e9: WhatsApp-Image-2025-09-03-at-15.51.15.jpeg\"\/><\/figure>\n\n\n\n<p><strong>Projetos Selecionados<\/strong><br><br>Confira a lista dos projetos selecionados na edi\u00e7\u00e3o 2025\/02 do Projeto Arte Aqui. A lista com o resultado final ser\u00e1 publicada no dia 08\/09\/2025.<br><br><strong>Galeria<\/strong><br><br>selecionados:<br><br>a lua \u00e9 tamb\u00e9m um sol<br>Yan Nicolas <br><br>Ao Avesso, a Torto e a Direitos<br>Centros de Conviv\u00eancia PBH<br><br>Comum Lugar\t<br>M\u00f4nica Coster e artistas convidados<br><br>suplentes:<br><br>In Memoriam<br>Mayzon Tayrone<br><br>conatus<br>Ian Nogueira e Guilzeppe Francesco<br><br><br><strong>Outdoor<\/strong><br><br>selecionados:<br><br>Entre Ra\u00edzes: o que n\u00e3o queremos ver<br>Coletivo &#8220;Tra\u00e7a&#8221;<br><br>Nem menino, nem menina<br>Tobo Eduarda <br><br>Quem n\u00e3o tem sua loucura?<br>Vit Le\u00e3o <br><br>suplentes:<br><br>Batalha<br>Roberto Machado<br><br>Origrafias<br>Fernando Costaa<br><br><br><strong>Cubo Gr\u00e1fico<\/strong><br><br>selecionados:<br>Microhabitats<br>Ana Bicho<br><br>Vegetal digital<br>Isa Rosendo<br><br>WATU &#8211; da \u00e1gua a \u00e1gua<br>Mariana Jorge<br><br>suplente:<br>Segura a cabe\u00e7a<br>Mar\u00edlia Lima <br><br><br><strong>Corredor<\/strong><br><br>selecionados:<br>Regras de Conviv\u00eancia &#8211; Na Universidade<br>Carolina Brandhuber<br><br>Quadrinhos Enquadrados<br>Quadrinhos com Queijo &#8211; EBA UFMG<br><br>Duo corpo<br>Elaine Stankiwich e C\u00e1ssia Perocco<br><br>suplentes:<br><br>Floresta escura<br>D\u00e9bora Mota<br><br>Noite Americana<br>Eduarda Lucas<br><br><br><strong>Audit\u00f3rio<\/strong><br><br>selecionados:<br>Mostra da Dan\u00e7a: Dan\u00e7ando na Belas<br>coletivo DBA<br><br>Corpos que Rompem<br>Gabrielly Dornelas<br><br><br><strong>Piscin\u00e3o<\/strong><br><br>selecionados:<br>\u201cVendo Gestos\u201d \u2013 Programa performativo em dan\u00e7a sobre corpo, trabalho e valor<br>Iago Vinicius <br><br>QUEBRA!<br>Yurika Renan Morais<\/p>\n","protected":false},"excerpt":{"rendered":"<p>Projetos Selecionados Confira a lista dos projetos selecionados na edi\u00e7\u00e3o 2025\/02 do Projeto Arte Aqui. A lista com o resultado final ser\u00e1 publicada no dia 08\/09\/2025. Galeria selecionados: a lua \u00e9 tamb\u00e9m um solYan Nicolas Ao Avesso, a Torto e<\/p>\n","protected":false},"author":2,"featured_media":8977,"comment_status":"closed","ping_status":"open","sticky":false,"template":"","format":"standard","meta":{"_eb_attr":"","footnotes":""},"categories":[12],"tags":[],"class_list":["post-8974","post","type-post","status-publish","format-standard","has-post-thumbnail","hentry","category-noticias"],"_links":{"self":[{"href":"https:\/\/www.eba.ufmg.br\/index.php\/wp-json\/wp\/v2\/posts\/8974","targetHints":{"allow":["GET"]}}],"collection":[{"href":"https:\/\/www.eba.ufmg.br\/index.php\/wp-json\/wp\/v2\/posts"}],"about":[{"href":"https:\/\/www.eba.ufmg.br\/index.php\/wp-json\/wp\/v2\/types\/post"}],"author":[{"embeddable":true,"href":"https:\/\/www.eba.ufmg.br\/index.php\/wp-json\/wp\/v2\/users\/2"}],"replies":[{"embeddable":true,"href":"https:\/\/www.eba.ufmg.br\/index.php\/wp-json\/wp\/v2\/comments?post=8974"}],"version-history":[{"count":3,"href":"https:\/\/www.eba.ufmg.br\/index.php\/wp-json\/wp\/v2\/posts\/8974\/revisions"}],"predecessor-version":[{"id":8989,"href":"https:\/\/www.eba.ufmg.br\/index.php\/wp-json\/wp\/v2\/posts\/8974\/revisions\/8989"}],"wp:featuredmedia":[{"embeddable":true,"href":"https:\/\/www.eba.ufmg.br\/index.php\/wp-json\/wp\/v2\/media\/8977"}],"wp:attachment":[{"href":"https:\/\/www.eba.ufmg.br\/index.php\/wp-json\/wp\/v2\/media?parent=8974"}],"wp:term":[{"taxonomy":"category","embeddable":true,"href":"https:\/\/www.eba.ufmg.br\/index.php\/wp-json\/wp\/v2\/categories?post=8974"},{"taxonomy":"post_tag","embeddable":true,"href":"https:\/\/www.eba.ufmg.br\/index.php\/wp-json\/wp\/v2\/tags?post=8974"}],"curies":[{"name":"wp","href":"https:\/\/api.w.org\/{rel}","templated":true}]}}