{"id":8678,"date":"2025-06-09T09:25:51","date_gmt":"2025-06-09T12:25:51","guid":{"rendered":"https:\/\/www.eba.ufmg.br\/?p=8678"},"modified":"2025-06-09T09:25:53","modified_gmt":"2025-06-09T12:25:53","slug":"a-vida-e-sonho-25-a-29-de-junho-funarte","status":"publish","type":"post","link":"https:\/\/www.eba.ufmg.br\/index.php\/a-vida-e-sonho-25-a-29-de-junho-funarte\/2025\/06\/","title":{"rendered":"A vida \u00e9 Sonho &#8211; 25 a 29 de junho &#8211; Funarte"},"content":{"rendered":"\n<p>Em um reino na Pol\u00f4nia, Segismundo vive desde pequeno acorrentado em uma torre, por ordens de seu pai, o rei Bas\u00edlio, para tentar impedir que uma profecia se cumprisse: este seria o monarca mais cruel e terr\u00edvel j\u00e1 nascido. Ap\u00f3s vinte anos, o rei, arrependido, ordena que seu filho seja trazido de volta ao pal\u00e1cio, para que ocupe, a partir de ent\u00e3o, sua posi\u00e7\u00e3o de pr\u00edncipe e sucessor do trono. J\u00e1 habituado \u00e0 sua condi\u00e7\u00e3o de prisioneiro, agora, conhecendo pela primeira vez o que h\u00e1 al\u00e9m dos muros da torre, Segismundo tenta diferenciar o que \u00e9 sonho e realidade.<\/p>\n\n\n\n<h3 class=\"wp-block-heading\">Servi\u00e7o<\/h3>\n\n\n\n<p><strong>Espet\u00e1culo:<\/strong>&nbsp;<em>A Vida \u00e9 Sonho<\/em><em><br><\/em><strong>Datas:<\/strong>&nbsp;25 a 29 de junho de 2025<br><strong>Hor\u00e1rios:<\/strong>&nbsp;Quarta a s\u00e1bado \u00e0s 20h; domingo \u00e0s 19h<br><strong>Local:<\/strong>&nbsp;Galp\u00e3o 1 da Funarte MG \u2013 Rua Janu\u00e1ria, 68, Centro \u2013 Belo Horizonte\/MG<br><strong>Ingressos:<\/strong>&nbsp;R$ 20 (inteira) | R$ 10 (meia-entrada)<br><strong>Dura\u00e7\u00e3o:<\/strong>&nbsp;90 minutos<br><strong>Classifica\u00e7\u00e3o indicativa:<\/strong>&nbsp;12 anos<\/p>\n\n\n\n<p><strong>Ingressos dispon\u00edveis pelo Sympla no link:&nbsp;<\/strong><a href=\"https:\/\/www.sympla.com.br\/evento\/a-vida-e-sonho\/2979758\" target=\"_blank\" rel=\"noreferrer noopener\"><strong>https:\/\/www.sympla.com.br\/evento\/a-vida-e-sonho\/2979758<\/strong><\/a><\/p>\n\n\n\n<figure class=\"wp-block-image size-large\"><img loading=\"lazy\" decoding=\"async\" width=\"724\" height=\"1024\" src=\"https:\/\/www.eba.ufmg.br\/wp-content\/uploads\/2025\/06\/20250609-A-vida-sonho-menor-724x1024.png\" alt=\"\" class=\"wp-image-8680\" srcset=\"https:\/\/www.eba.ufmg.br\/wp-content\/uploads\/2025\/06\/20250609-A-vida-sonho-menor-724x1024.png 724w, https:\/\/www.eba.ufmg.br\/wp-content\/uploads\/2025\/06\/20250609-A-vida-sonho-menor-212x300.png 212w, https:\/\/www.eba.ufmg.br\/wp-content\/uploads\/2025\/06\/20250609-A-vida-sonho-menor-768x1086.png 768w, https:\/\/www.eba.ufmg.br\/wp-content\/uploads\/2025\/06\/20250609-A-vida-sonho-menor.png 849w\" sizes=\"auto, (max-width: 724px) 100vw, 724px\" \/><\/figure>\n","protected":false},"excerpt":{"rendered":"<p>Em um reino na Pol\u00f4nia, Segismundo vive desde pequeno acorrentado em uma torre, por ordens de seu pai, o rei Bas\u00edlio, para tentar impedir que uma profecia se cumprisse: este seria o monarca mais cruel e terr\u00edvel j\u00e1 nascido. Ap\u00f3s<\/p>\n","protected":false},"author":1,"featured_media":8679,"comment_status":"closed","ping_status":"open","sticky":false,"template":"","format":"standard","meta":{"_eb_attr":"","footnotes":""},"categories":[57],"tags":[],"class_list":["post-8678","post","type-post","status-publish","format-standard","has-post-thumbnail","hentry","category-pecas-de-teatro"],"_links":{"self":[{"href":"https:\/\/www.eba.ufmg.br\/index.php\/wp-json\/wp\/v2\/posts\/8678","targetHints":{"allow":["GET"]}}],"collection":[{"href":"https:\/\/www.eba.ufmg.br\/index.php\/wp-json\/wp\/v2\/posts"}],"about":[{"href":"https:\/\/www.eba.ufmg.br\/index.php\/wp-json\/wp\/v2\/types\/post"}],"author":[{"embeddable":true,"href":"https:\/\/www.eba.ufmg.br\/index.php\/wp-json\/wp\/v2\/users\/1"}],"replies":[{"embeddable":true,"href":"https:\/\/www.eba.ufmg.br\/index.php\/wp-json\/wp\/v2\/comments?post=8678"}],"version-history":[{"count":1,"href":"https:\/\/www.eba.ufmg.br\/index.php\/wp-json\/wp\/v2\/posts\/8678\/revisions"}],"predecessor-version":[{"id":8681,"href":"https:\/\/www.eba.ufmg.br\/index.php\/wp-json\/wp\/v2\/posts\/8678\/revisions\/8681"}],"wp:featuredmedia":[{"embeddable":true,"href":"https:\/\/www.eba.ufmg.br\/index.php\/wp-json\/wp\/v2\/media\/8679"}],"wp:attachment":[{"href":"https:\/\/www.eba.ufmg.br\/index.php\/wp-json\/wp\/v2\/media?parent=8678"}],"wp:term":[{"taxonomy":"category","embeddable":true,"href":"https:\/\/www.eba.ufmg.br\/index.php\/wp-json\/wp\/v2\/categories?post=8678"},{"taxonomy":"post_tag","embeddable":true,"href":"https:\/\/www.eba.ufmg.br\/index.php\/wp-json\/wp\/v2\/tags?post=8678"}],"curies":[{"name":"wp","href":"https:\/\/api.w.org\/{rel}","templated":true}]}}