{"id":8665,"date":"2025-06-05T14:07:46","date_gmt":"2025-06-05T17:07:46","guid":{"rendered":"https:\/\/www.eba.ufmg.br\/?p=8665"},"modified":"2025-06-05T14:07:47","modified_gmt":"2025-06-05T17:07:47","slug":"espetaculo-a-setima-trombeta-auditorio-da-escola-de-belas-artes-24-a-26-de-junho-20h","status":"publish","type":"post","link":"https:\/\/www.eba.ufmg.br\/index.php\/espetaculo-a-setima-trombeta-auditorio-da-escola-de-belas-artes-24-a-26-de-junho-20h\/2025\/06\/","title":{"rendered":"Espet\u00e1culo &#8220;A S\u00e9tima Trombeta&#8221; &#8211; Audit\u00f3rio da Escola de Belas Artes &#8211; 24 a 26 de junho &#8211; 20h"},"content":{"rendered":"\n<p>Equipe: Banda Deamantes<\/p>\n\n\n\n<p>Orientador: Prof. Eduardo Andrade (Departamento de Artes C\u00eanicas, EBA, UFMG)<\/p>\n\n\n\n<p>O mundo est\u00e1 \u00e0 beira do colapso e um show de rock ecoa como grito de resist\u00eancia. Com m\u00fasicas da banda Pink Floyd, &#8220;A S\u00e9tima Trombeta&#8221; narra a luta de corpos que n\u00e3o aceitam o sil\u00eancio imposto. Entre ru\u00ednas e distor\u00e7\u00f5es, emerge a urg\u00eancia de questionar sistemas e estruturas opressivas. A cada acorde, uma ferida se abre, e uma possibilidade de revolta tamb\u00e9m. Um ritual sonoro contra o fim.<\/p>\n\n\n\n<p>Classifica\u00e7\u00e3o Et\u00e1ria: 12 anos<\/p>\n\n\n\n<p>Datas: Dias 24, 25 e 26,<\/p>\n\n\n\n<p><a><\/a> Hor\u00e1rios: 19:30 Apresenta\u00e7\u00e3o de Clarissa Nad\u00fa e 20:00 A S\u00e9tima Trombeta<\/p>\n\n\n\n<p>Local: Audit\u00f3rio do Belas Artes<\/p>\n\n\n\n<p>Distribui\u00e7\u00e3o de ingresso: 30 min antes do espet\u00e1culo. 160 lugares<\/p>\n\n\n\n<p>Agradecimentos:<\/p>\n\n\n\n<p>Paula Sharon e Geraldo Magela (M\u00e3e e Pai)<\/p>\n\n\n\n<p>Webster Yuh (Tio)<\/p>\n\n\n\n<p>Diogo Gon\u00e7alves (Irm\u00e3o)<\/p>\n\n\n\n<p>Eduardo dos Santos Andrade (Orientador)<\/p>\n\n\n\n<p>S\u00e1vio Rocha (T\u00e9cnico do Figurino)<\/p>\n\n\n\n<p>Eliezer Sampaio e Ismael Soares (T\u00e9cnico do LIC)<\/p>\n\n\n\n<p>Daniel Ducato (T\u00e9cnico do Cenot\u00e9cnico)<\/p>\n\n\n\n<p>Bya Braga (Coordenadora do TCC)<\/p>\n\n\n\n<p>Lucas Souza (Professor)<\/p>\n\n\n\n<p>Wal e todos da SLOP<\/p>\n\n\n\n<p>Todo o corpo docente do Teatro<\/p>\n\n\n\n<p>Todos que apoiaram o projeto comprando as rifas<\/p>\n\n\n\n<p><strong>FICHA T\u00c9CNICA<\/strong><\/p>\n\n\n\n<p><strong>DIRE\u00c7\u00c3O<\/strong>:<\/p>\n\n\n\n<p>Athos Ferreira<\/p>\n\n\n\n<p><strong>ELENCO<\/strong>:<\/p>\n\n\n\n<p>Bambis<\/p>\n\n\n\n<p>Leonardo Heytor<\/p>\n\n\n\n<p>Mayk Will<\/p>\n\n\n\n<p>Pedro Oliveira<\/p>\n\n\n\n<p><strong>Samuel Siqueira (TCC Bacharelado Teatro)<\/strong><\/p>\n\n\n\n<p>Thales Barbosa<\/p>\n\n\n\n<p>Vin\u00edcius Joos<\/p>\n\n\n\n<p><strong>PARTICIPA\u00c7\u00c3O ESPECIAL<\/strong>: Clarissa Nad\u00fa<\/p>\n\n\n\n<p><strong>CONCEP\u00c7\u00c3O GERAL:<\/strong><\/p>\n\n\n\n<p><strong>Samuel Siqueira<\/strong><\/p>\n\n\n\n<p><strong>DRAMATURGIA<\/strong>:<\/p>\n\n\n\n<p>Athos Ferreira e elenco<\/p>\n\n\n\n<p><strong>CENOGRAFIA<\/strong>:<\/p>\n\n\n\n<p><strong>Samuel Siqueira<\/strong><\/p>\n\n\n\n<p><strong>ASSISTENTE DE CENOGRAFIA: <\/strong>Ana Pio<\/p>\n\n\n\n<p>Pedro Oliveira<\/p>\n\n\n\n<p>Vin\u00edcius Sbampato<\/p>\n\n\n\n<p>Aretha<\/p>\n\n\n\n<p><strong>FIGURINO E MAQUIAGEM<\/strong>: Ana Laura Lopes<\/p>\n\n\n\n<p><strong>ILUMINA\u00c7\u00c3O<\/strong>:<\/p>\n\n\n\n<p>Andr\u00e9 Givisiez<\/p>\n\n\n\n<p><strong>OPERA\u00c7\u00c3O DE LUZ<\/strong>:<\/p>\n\n\n\n<p>Andr\u00e9 Givisiez<\/p>\n\n\n\n<p><strong>SONOPLASTIA<\/strong>:<\/p>\n\n\n\n<p>Leonardo Heytor<\/p>\n\n\n\n<p><strong>OPERA\u00c7\u00c3O DE SOM<\/strong>:<\/p>\n\n\n\n<p>Yuri Vila\u00e7a<\/p>\n\n\n\n<p><strong>PREPARA\u00c7\u00c3O CORPORAL<\/strong>: Athos Ferreira e Vin\u00edcius Sbampato<\/p>\n\n\n\n<p><strong>PREPARA\u00c7\u00c3O VOCAL<\/strong>:<\/p>\n\n\n\n<p>Athos Ferreira e Stephan Bryan<\/p>\n\n\n\n<p><strong>FOT\u00d3GRAFA<\/strong>:<\/p>\n\n\n\n<p>Jebs Lima<\/p>\n\n\n\n<p><strong>DIVULGA\u00c7\u00c3O\/REDES SOCIAIS<\/strong>: Wellison Silva<\/p>\n\n\n\n<p><strong>PRODU\u00c7\u00c3O<\/strong>:<\/p>\n\n\n\n<p>Ana Pio<\/p>\n\n\n\n<p>Vin\u00edcius Sbampato<\/p>\n\n\n\n<p><strong>ASSISTENTE DE PRODU\u00c7\u00c3O: <\/strong>Pedro Oliveira<\/p>\n","protected":false},"excerpt":{"rendered":"<p>Equipe: Banda Deamantes Orientador: Prof. Eduardo Andrade (Departamento de Artes C\u00eanicas, EBA, UFMG) O mundo est\u00e1 \u00e0 beira do colapso e um show de rock ecoa como grito de resist\u00eancia. Com m\u00fasicas da banda Pink Floyd, &#8220;A S\u00e9tima Trombeta&#8221; narra<\/p>\n","protected":false},"author":1,"featured_media":8340,"comment_status":"closed","ping_status":"open","sticky":false,"template":"","format":"standard","meta":{"_eb_attr":"","footnotes":""},"categories":[57],"tags":[],"class_list":["post-8665","post","type-post","status-publish","format-standard","has-post-thumbnail","hentry","category-pecas-de-teatro"],"_links":{"self":[{"href":"https:\/\/www.eba.ufmg.br\/index.php\/wp-json\/wp\/v2\/posts\/8665","targetHints":{"allow":["GET"]}}],"collection":[{"href":"https:\/\/www.eba.ufmg.br\/index.php\/wp-json\/wp\/v2\/posts"}],"about":[{"href":"https:\/\/www.eba.ufmg.br\/index.php\/wp-json\/wp\/v2\/types\/post"}],"author":[{"embeddable":true,"href":"https:\/\/www.eba.ufmg.br\/index.php\/wp-json\/wp\/v2\/users\/1"}],"replies":[{"embeddable":true,"href":"https:\/\/www.eba.ufmg.br\/index.php\/wp-json\/wp\/v2\/comments?post=8665"}],"version-history":[{"count":1,"href":"https:\/\/www.eba.ufmg.br\/index.php\/wp-json\/wp\/v2\/posts\/8665\/revisions"}],"predecessor-version":[{"id":8666,"href":"https:\/\/www.eba.ufmg.br\/index.php\/wp-json\/wp\/v2\/posts\/8665\/revisions\/8666"}],"wp:featuredmedia":[{"embeddable":true,"href":"https:\/\/www.eba.ufmg.br\/index.php\/wp-json\/wp\/v2\/media\/8340"}],"wp:attachment":[{"href":"https:\/\/www.eba.ufmg.br\/index.php\/wp-json\/wp\/v2\/media?parent=8665"}],"wp:term":[{"taxonomy":"category","embeddable":true,"href":"https:\/\/www.eba.ufmg.br\/index.php\/wp-json\/wp\/v2\/categories?post=8665"},{"taxonomy":"post_tag","embeddable":true,"href":"https:\/\/www.eba.ufmg.br\/index.php\/wp-json\/wp\/v2\/tags?post=8665"}],"curies":[{"name":"wp","href":"https:\/\/api.w.org\/{rel}","templated":true}]}}