{"id":8616,"date":"2025-05-12T09:08:58","date_gmt":"2025-05-12T12:08:58","guid":{"rendered":"https:\/\/www.eba.ufmg.br\/?p=8616"},"modified":"2025-05-12T09:09:00","modified_gmt":"2025-05-12T12:09:00","slug":"errata-chamada-prae-ufmg-no-02-2025","status":"publish","type":"post","link":"https:\/\/www.eba.ufmg.br\/index.php\/errata-chamada-prae-ufmg-no-02-2025\/2025\/05\/","title":{"rendered":"ERRATA &#8211; Chamada PRAE\/UFMG N\u00ba 02\/2025"},"content":{"rendered":"\n<p><strong>Edital n\u00ba 1236\/2025<\/strong><\/p>\n\n\n\n<p>CHAMADA PRAE\/UFMG N\u00ba 02\/2025<\/p>\n\n\n\n<p>APOIO FINANCEIRO A PROJETOS DE ESTUDANTES: ARTE, CULTURA, CI\u00caNCIA, TECNOLOGIA E EDUCA\u00c7\u00c3O<\/p>\n\n\n\n<p>A Universidade Federal de Minas Gerais &#8211; UFMG, por meio da Pr\u00f3-Reitoria de Assuntos Estudantis &#8211; PRAE, torna p\u00fablica a retifica\u00e7\u00e3o da\u00a0\u201cChamada PRAE 02\/2025 de Apoio a Projetos de Estudantes\u201d, que visa reconhecer, valorizar e incentivar projetos de natureza art\u00edstica, cultural, cient\u00edfica e t\u00e9cnica de estudantes da gradua\u00e7\u00e3o\/UFMG, regularmente matriculados\/as\/es e frequentes, organizados\/as\/es individual ou coletivamente em grupos de estudos e pesquisas, observat\u00f3rios, projetos, programas, coletivos e similares, a apresentarem candidaturas a financiamento, nos termos desta Chamada,\u00a0 publicado em 25 de abril de 2025.<\/p>\n\n\n\n<p><strong>No item 5 &#8211; Das inscri\u00e7\u00f5es &#8211; onde se l\u00ea:<\/strong><\/p>\n\n\n\n<p>5.3 As candidaturas de projetos dever\u00e3o ser apresentadas no per\u00edodo de <strong>25 de abril de 2025<\/strong>, impreterivelmente, at\u00e9 as 23:59h do dia <strong>09 de maio de 2025<\/strong>, exclusivamente pelo formul\u00e1rio de inscri\u00e7\u00e3o: <a href=\"https:\/\/questionarios.ufmg.br\/index.php\/954157?lang=pt-BR\" target=\"_blank\" rel=\"noreferrer noopener\">https:\/\/questionarios.ufmg.br\/index.php\/954157?lang=pt-BR<\/a><\/p>\n\n\n\n<p><strong>LEIA-SE:<\/strong><\/p>\n\n\n\n<p><strong>5.3 <\/strong>5.3 As candidaturas de projetos dever\u00e3o ser apresentadas no per\u00edodo de <strong>25 de abril de 2025<\/strong>, impreterivelmente, at\u00e9 as 23:59h do dia <strong>13 de maio de 2025<\/strong>, exclusivamente pelo formul\u00e1rio de inscri\u00e7\u00e3o: <a href=\"https:\/\/questionarios.ufmg.br\/index.php\/954157?lang=pt-BR\" target=\"_blank\" rel=\"noreferrer noopener\">https:\/\/questionarios.ufmg.br\/index.php\/954157?lang=pt-BR<\/a><\/p>\n\n\n\n<p><strong>No item 14 &#8211; Cronograma &#8211; onde se l\u00ea:<\/strong><\/p>\n\n\n\n<figure class=\"wp-block-table\"><table class=\"has-fixed-layout\"><tbody><tr><td>Per\u00edodo de inscri\u00e7\u00f5es<\/td><td>25 de Abril de 2025 a 09 de Maio de 2025<\/td><td>At\u00e9 as 23:59h do dia 09 de Maio de 2025<\/td><td>Formul\u00e1rio de inscri\u00e7\u00e3o: https:\/\/questionarios.ufmg.br\/index.php\/954157?lang=pt-BR<\/td><\/tr><\/tbody><\/table><\/figure>\n\n\n\n<p><strong>Leia-se:<\/strong><\/p>\n\n\n\n<figure class=\"wp-block-table\"><table class=\"has-fixed-layout\"><tbody><tr><td>Per\u00edodo de inscri\u00e7\u00f5es<\/td><td>25 de Abril de 2025 a <strong>13 de Maio<\/strong><strong> de 2025<\/strong><\/td><td>At\u00e9 as 23:59h do dia 09 de Maio de 2025<\/td><td>Formul\u00e1rio de inscri\u00e7\u00e3o: https:\/\/questionarios.ufmg.br\/index.php\/954157?lang=pt-BR<\/td><\/tr><\/tbody><\/table><\/figure>\n\n\n\n<p>Ficam, portanto, prorrogadas as inscri\u00e7\u00f5es da Chamada 02\/2025 &#8211;\u00a0 Apoio Financeiro a Projetos de Estudantes: Arte, Cultura, Ci\u00eancia, Tecnologia e Educa\u00e7\u00e3o at\u00e9 a data de 13 de maio de 2025. As demais datas permanecem as mesmas.<\/p>\n\n\n\n<p>Vanessa Veiga de Oliveira<br>Diretora da Diretoria de Apoio a Projetos Estudantis<\/p>\n\n\n\n<p>Pr\u00f3-Reitoria de Assuntos Estudantis (PRAE)<\/p>\n\n\n\n<p><a href=\"https:\/\/www.ufmg.br\/prae\/wp-content\/uploads\/2025\/04\/SEI_4161368_Chamada-2-2025-PRAE.pdf\" data-type=\"link\" data-id=\"https:\/\/www.ufmg.br\/prae\/wp-content\/uploads\/2025\/04\/SEI_4161368_Chamada-2-2025-PRAE.pdf\">Edital Original<\/a><\/p>\n","protected":false},"excerpt":{"rendered":"<p>Edital n\u00ba 1236\/2025 CHAMADA PRAE\/UFMG N\u00ba 02\/2025 APOIO FINANCEIRO A PROJETOS DE ESTUDANTES: ARTE, CULTURA, CI\u00caNCIA, TECNOLOGIA E EDUCA\u00c7\u00c3O A Universidade Federal de Minas Gerais &#8211; UFMG, por meio da Pr\u00f3-Reitoria de Assuntos Estudantis &#8211; PRAE, torna p\u00fablica a retifica\u00e7\u00e3o<\/p>\n","protected":false},"author":1,"featured_media":8340,"comment_status":"closed","ping_status":"open","sticky":false,"template":"","format":"standard","meta":{"_eb_attr":"","footnotes":""},"categories":[110],"tags":[],"class_list":["post-8616","post","type-post","status-publish","format-standard","has-post-thumbnail","hentry","category-editais"],"_links":{"self":[{"href":"https:\/\/www.eba.ufmg.br\/index.php\/wp-json\/wp\/v2\/posts\/8616","targetHints":{"allow":["GET"]}}],"collection":[{"href":"https:\/\/www.eba.ufmg.br\/index.php\/wp-json\/wp\/v2\/posts"}],"about":[{"href":"https:\/\/www.eba.ufmg.br\/index.php\/wp-json\/wp\/v2\/types\/post"}],"author":[{"embeddable":true,"href":"https:\/\/www.eba.ufmg.br\/index.php\/wp-json\/wp\/v2\/users\/1"}],"replies":[{"embeddable":true,"href":"https:\/\/www.eba.ufmg.br\/index.php\/wp-json\/wp\/v2\/comments?post=8616"}],"version-history":[{"count":2,"href":"https:\/\/www.eba.ufmg.br\/index.php\/wp-json\/wp\/v2\/posts\/8616\/revisions"}],"predecessor-version":[{"id":8618,"href":"https:\/\/www.eba.ufmg.br\/index.php\/wp-json\/wp\/v2\/posts\/8616\/revisions\/8618"}],"wp:featuredmedia":[{"embeddable":true,"href":"https:\/\/www.eba.ufmg.br\/index.php\/wp-json\/wp\/v2\/media\/8340"}],"wp:attachment":[{"href":"https:\/\/www.eba.ufmg.br\/index.php\/wp-json\/wp\/v2\/media?parent=8616"}],"wp:term":[{"taxonomy":"category","embeddable":true,"href":"https:\/\/www.eba.ufmg.br\/index.php\/wp-json\/wp\/v2\/categories?post=8616"},{"taxonomy":"post_tag","embeddable":true,"href":"https:\/\/www.eba.ufmg.br\/index.php\/wp-json\/wp\/v2\/tags?post=8616"}],"curies":[{"name":"wp","href":"https:\/\/api.w.org\/{rel}","templated":true}]}}