{"id":8082,"date":"2025-01-20T11:21:37","date_gmt":"2025-01-20T14:21:37","guid":{"rendered":"https:\/\/www.eba.ufmg.br\/?p=8082"},"modified":"2025-01-20T12:04:25","modified_gmt":"2025-01-20T15:04:25","slug":"desfiles-moda-em-tempos-liquidos","status":"publish","type":"post","link":"https:\/\/www.eba.ufmg.br\/index.php\/desfiles-moda-em-tempos-liquidos\/2025\/01\/","title":{"rendered":"ALUNOS DA MODA SE INSPIRAM EM ZYGMUNT BAUMAN"},"content":{"rendered":"\n<figure class=\"wp-block-image is-resized\"><img decoding=\"async\" src=\"https:\/\/www.eba.ufmg.br\/wp-content\/uploads\/2025\/01\/WhatsApp-Image-2025-01-20-at-09.57.19-150x150.jpeg\" alt=\"\" style=\"width:1069px;height:auto\"\/><\/figure>\n\n\n\n<p class=\"has-vivid-red-color has-text-color has-link-color has-small-font-size wp-elements-5079de2e437434e5ca242dbe7d0d9ee6\">Texto: Divulga\u00e7\u00e3o<\/p>\n\n\n\n<p>Sob orienta\u00e7\u00e3o do Prof. Tarcisio D\u2019Almeida, 41 alunos mesclam sensibilidade criativa com reflex\u00f5es do pensador sobre a modernidade em looks<\/p>\n\n\n\n<p>Nas noites dos dias 21 e 22 de janeiro desse ano, estudantes da disciplina \u201cPesquisa de Moda II\u201d, do quarto semestre do Curso de Design de Moda da EBA-UFMG, apresentar\u00e3o suas cole\u00e7\u00f5es c\u00e1psulas inspiradas nos pensamentos do soci\u00f3logo Zygmunt Bauman. A partir do tema geral \u201cModa em Tempos L\u00edquidos\u201d, as cole\u00e7\u00f5es s\u00e3o as avalia\u00e7\u00f5es finais da disciplina, sob as orienta\u00e7\u00f5es do Prof. Dr. Tarcisio D\u2019Almeida, que tamb\u00e9m lidera o Grupo de Pesquisa Moda: Teorias e Processos Criativos, credenciado no CNPq.<\/p>\n\n\n\n<p>\u201cA ideia e desafio propostos foi a partir dos pensamentos do Zygmunt Bauman propor para cada aluno um ponto de converg\u00eancia entre a reflex\u00e3o do pensador e como esse aluno traduziria em cria\u00e7\u00f5es de moda\u201d, explica o professor D\u2019Almeida, que no ano de 2023 foi o primeiro docente da EBA a receber o Pr\u00eamio Doc\u00eancia: Sucessos do Of\u00edcio\u201d, iniciativa da Diretoria de Inova\u00e7\u00e3o e Metodologias de Ensino (Giz) da Pr\u00f3-reitoria de Gradua\u00e7\u00e3o da UFMG.<\/p>\n\n\n\n<p>Em virtude da greve e da parada para festas de fim de ano, os desfiles ocorrer\u00e3o agora em janeiro. A banca de avalia\u00e7\u00e3o contar\u00e1 com as participa\u00e7\u00f5es de Aldo Cl\u00e9cius (Pesquisador e Consultor de Moda), Danilo Ara\u00fajo Nogueira (Prof. Substituto do Curso de Design de Moda UFMG), Giovanna Penido (Frente Mineira da Moda), Juliana Barbosa (Profa. Dnda. do Curso de Design de Moda UFMG), Juliana Pontes (Profa. Dra. do Curso de Design de Moda UFMG), M\u00e1rcia Fran\u00e7a (Profa. Dra. do Curso de Design de Moda UFMG), Thais D\u2019Angelo (bacharel em Design de Moda UFMG), Val\u00e9ria Said (Pesquisadora e Jornalista de Moda), e Tarcisio D\u2019Almeida (orientador e Prof. Dr. do Curso de Design de Moda UFMG).<\/p>\n\n\n\n<p><br><strong>Evento: Desfiles \u201cModa em Tempos L\u00edquidos\u201d, do Curso de Design de Moda UFMG<br>Local: Hall Audit\u00f3rios CAD-2 UFMG<br>Dias: 21 e 22 de janeiro de 2025<br>Hor\u00e1rios: das 19:00 \u00e0s 22:30<\/strong><\/p>\n\n\n\n<p><\/p>\n","protected":false},"excerpt":{"rendered":"<p>Texto: Divulga\u00e7\u00e3o Sob orienta\u00e7\u00e3o do Prof. Tarcisio D\u2019Almeida, 41 alunos mesclam sensibilidade criativa com reflex\u00f5es do pensador sobre a modernidade em looks Nas noites dos dias 21 e 22 de janeiro desse ano, estudantes da disciplina \u201cPesquisa de Moda II\u201d,<\/p>\n","protected":false},"author":2,"featured_media":8089,"comment_status":"closed","ping_status":"open","sticky":false,"template":"","format":"standard","meta":{"_eb_attr":"","footnotes":""},"categories":[18,1],"tags":[],"class_list":["post-8082","post","type-post","status-publish","format-standard","has-post-thumbnail","hentry","category-eventos","category-sem-categoria"],"_links":{"self":[{"href":"https:\/\/www.eba.ufmg.br\/index.php\/wp-json\/wp\/v2\/posts\/8082","targetHints":{"allow":["GET"]}}],"collection":[{"href":"https:\/\/www.eba.ufmg.br\/index.php\/wp-json\/wp\/v2\/posts"}],"about":[{"href":"https:\/\/www.eba.ufmg.br\/index.php\/wp-json\/wp\/v2\/types\/post"}],"author":[{"embeddable":true,"href":"https:\/\/www.eba.ufmg.br\/index.php\/wp-json\/wp\/v2\/users\/2"}],"replies":[{"embeddable":true,"href":"https:\/\/www.eba.ufmg.br\/index.php\/wp-json\/wp\/v2\/comments?post=8082"}],"version-history":[{"count":3,"href":"https:\/\/www.eba.ufmg.br\/index.php\/wp-json\/wp\/v2\/posts\/8082\/revisions"}],"predecessor-version":[{"id":8094,"href":"https:\/\/www.eba.ufmg.br\/index.php\/wp-json\/wp\/v2\/posts\/8082\/revisions\/8094"}],"wp:featuredmedia":[{"embeddable":true,"href":"https:\/\/www.eba.ufmg.br\/index.php\/wp-json\/wp\/v2\/media\/8089"}],"wp:attachment":[{"href":"https:\/\/www.eba.ufmg.br\/index.php\/wp-json\/wp\/v2\/media?parent=8082"}],"wp:term":[{"taxonomy":"category","embeddable":true,"href":"https:\/\/www.eba.ufmg.br\/index.php\/wp-json\/wp\/v2\/categories?post=8082"},{"taxonomy":"post_tag","embeddable":true,"href":"https:\/\/www.eba.ufmg.br\/index.php\/wp-json\/wp\/v2\/tags?post=8082"}],"curies":[{"name":"wp","href":"https:\/\/api.w.org\/{rel}","templated":true}]}}