{"id":8038,"date":"2025-01-13T14:55:08","date_gmt":"2025-01-13T17:55:08","guid":{"rendered":"https:\/\/www.eba.ufmg.br\/?p=8038"},"modified":"2025-01-13T14:55:10","modified_gmt":"2025-01-13T17:55:10","slug":"nota-de-pesar","status":"publish","type":"post","link":"https:\/\/www.eba.ufmg.br\/index.php\/nota-de-pesar\/2025\/01\/","title":{"rendered":"Nota de Pesar"},"content":{"rendered":"\n<p>A Escola de Belas Artes da UFMG manifesta profundo pesar pelo falecimento de dois<br>queridos ex-alunos, Agnaldo Pinho e M\u00e1rio Arreguy, artistas de talento singular, cujas<br>trajet\u00f3rias deixaram marcas profundas no cen\u00e1rio art\u00edstico e cultural em Belo Horizonte,<br>Minas Gerais, e no Brasil.<br>Agnaldo Pinho, reconhecido por sua sensibilidade art\u00edstica e capacidade de traduzir<br>emo\u00e7\u00f5es em formas visuais impactantes, contribuiu de maneira significativa para o<br>desenvolvimento das artes visuais no Brasil. Atuou em importantes coletivos art\u00edsticos e<br>manteve uma produ\u00e7\u00e3o marcada pela inova\u00e7\u00e3o e pela for\u00e7a de suas express\u00f5es<br>pl\u00e1sticas, sendo inspira\u00e7\u00e3o para colegas e novas gera\u00e7\u00f5es. Al\u00e9m da atividade criativa nas<br>artes, Agnaldo tamb\u00e9m atuou na montagem de exposi\u00e7\u00f5es art\u00edsticas, atrav\u00e9s de sua<br>empresa.<br>M\u00e1rio Arreguy, com seu talento multifacetado, foi um expoente em diferentes linguagens<br>art\u00edsticas, desde a pintura at\u00e9 a poesia, tudo emoldurado por sua sensibilidade e senso de<br>humor agu\u00e7ados. Sua capacidade de dialogar com p\u00fablicos diversos e de integrar as<br>artes ao cotidiano transformou os espa\u00e7os e as experi\u00eancias daqueles que tiveram o<br>privil\u00e9gio de contemplar suas obras. M\u00e1rio mantinha suas atividades criativas, enquanto<br>acompanhava com interesse e de forma participativa nos trabalhos de conserva\u00e7\u00e3o<br>restaura\u00e7\u00e3o levados \u00e0 frente por sua companheira, ex-aluna do CECOR, a conservadora<br>restauradora Ros\u00e2ngela Costa.<br>Ambos ser\u00e3o lembrados com carinho por seus familiares, amigos e amigas, al\u00e9m de<br>todos que conviveram com eles na Escola de Belas Artes e na comunidade art\u00edstica em<br>BH e Minas Gerais. Suas passagens por nossa escola foram marcadas pela troca de<br>conhecimentos, pela paix\u00e3o pelas artes e pela inspira\u00e7\u00e3o que proporcionaram a tantos.<br>A partida de Agnaldo Pinho e M\u00e1rio Arreguy deixa em todos n\u00f3s um misto de tristeza e<br>saudade, mas tamb\u00e9m uma imensa gratid\u00e3o pelas contribui\u00e7\u00f5es que ambos fizeram \u00e0s<br>artes e pela alegria de termos podido compartilhar parte de suas jornadas.<br>A Escola de Belas Artes da UFMG presta solidariedade \u00e0s fam\u00edlias e amigos, reiterando<br>nosso compromisso de preservar a mem\u00f3ria e a obra desses grandes artistas.<\/p>\n","protected":false},"excerpt":{"rendered":"<p>A Escola de Belas Artes da UFMG manifesta profundo pesar pelo falecimento de doisqueridos ex-alunos, Agnaldo Pinho e M\u00e1rio Arreguy, artistas de talento singular, cujastrajet\u00f3rias deixaram marcas profundas no cen\u00e1rio art\u00edstico e cultural em Belo Horizonte,Minas Gerais, e no Brasil.Agnaldo<\/p>\n","protected":false},"author":9,"featured_media":0,"comment_status":"closed","ping_status":"open","sticky":false,"template":"","format":"standard","meta":{"_eb_attr":"","footnotes":""},"categories":[1],"tags":[],"class_list":["post-8038","post","type-post","status-publish","format-standard","hentry","category-sem-categoria"],"_links":{"self":[{"href":"https:\/\/www.eba.ufmg.br\/index.php\/wp-json\/wp\/v2\/posts\/8038","targetHints":{"allow":["GET"]}}],"collection":[{"href":"https:\/\/www.eba.ufmg.br\/index.php\/wp-json\/wp\/v2\/posts"}],"about":[{"href":"https:\/\/www.eba.ufmg.br\/index.php\/wp-json\/wp\/v2\/types\/post"}],"author":[{"embeddable":true,"href":"https:\/\/www.eba.ufmg.br\/index.php\/wp-json\/wp\/v2\/users\/9"}],"replies":[{"embeddable":true,"href":"https:\/\/www.eba.ufmg.br\/index.php\/wp-json\/wp\/v2\/comments?post=8038"}],"version-history":[{"count":1,"href":"https:\/\/www.eba.ufmg.br\/index.php\/wp-json\/wp\/v2\/posts\/8038\/revisions"}],"predecessor-version":[{"id":8039,"href":"https:\/\/www.eba.ufmg.br\/index.php\/wp-json\/wp\/v2\/posts\/8038\/revisions\/8039"}],"wp:attachment":[{"href":"https:\/\/www.eba.ufmg.br\/index.php\/wp-json\/wp\/v2\/media?parent=8038"}],"wp:term":[{"taxonomy":"category","embeddable":true,"href":"https:\/\/www.eba.ufmg.br\/index.php\/wp-json\/wp\/v2\/categories?post=8038"},{"taxonomy":"post_tag","embeddable":true,"href":"https:\/\/www.eba.ufmg.br\/index.php\/wp-json\/wp\/v2\/tags?post=8038"}],"curies":[{"name":"wp","href":"https:\/\/api.w.org\/{rel}","templated":true}]}}