{"id":7589,"date":"2024-12-11T17:03:47","date_gmt":"2024-12-11T20:03:47","guid":{"rendered":"https:\/\/www.eba.ufmg.br\/?p=7589"},"modified":"2025-01-28T13:01:13","modified_gmt":"2025-01-28T16:01:13","slug":"eleicao-para-diretora-e-vice-diretora-da-eba-gestao-2025-a-2029","status":"publish","type":"post","link":"https:\/\/www.eba.ufmg.br\/index.php\/eleicao-para-diretora-e-vice-diretora-da-eba-gestao-2025-a-2029\/2024\/12\/","title":{"rendered":"Elei\u00e7\u00e3o para\u00a0Diretor(A) e Vice-Diretor(A) da EBA \u2013 Gest\u00e3o 2025 a 2029"},"content":{"rendered":"<div><span style=\"font-family: Calibri; font-size: medium;\">Prezada Comunidade da Escola de Belas Artes,<\/p>\n<p>Em aten\u00e7\u00e3o ao Edital do Processo de Consulta por meio eletr\u00f4nico \u00e0 Comunidade da EBA, para subsidiar a Egr\u00e9gia Congrega\u00e7\u00e3o na elabora\u00e7\u00e3o da Lista Tr\u00edplice para escolha de Diretor(A) e Vice- Diretor(A) da EBA \u2013 Gest\u00e3o 2025 a 2029, a Junta Apuradora, com o apoio da \u00a0Comiss\u00e3o Eleitoral, realizou o processo de Apura\u00e7\u00e3o dos Votos, no dia 10 de dezembro de 2024.<\/p>\n<p>A partir dos resultados obtidos no Relat\u00f3rio de Apura\u00e7\u00e3o de Consulta, enviado pela CAC ap\u00f3s o t\u00e9rmino do per\u00edodo de consulta eletr\u00f4nica, constatou-se que a Chapa 01, composta pelas Professoras Camila Rodrigues Moreira Cruz (Diretora) e Andrea de Paula Vilela Xavier (Vice-Diretora), obteve 63,76% de votos e a Chapa 2, formada pelos Professores Adolfo Enrique Cifuentes Porras (Diretor) e Magali Melleu Sehn (Vice-Diretora), obteve 36,24% de votos.<\/p>\n<p>Diante do exposto, a Comiss\u00e3o Eleitoral torna p\u00fablico o resultado e, em concord\u00e2ncia ao Edital, informa que em 16\/12\/2024 encerra-se o per\u00edodo para interposi\u00e7\u00e3o de recursos. No dia 18\/12\/2024, encaminhar\u00e1 o resultado de Consulta \u00e0 Egr\u00e9gia Congrega\u00e7\u00e3o, como subsidio para a elabora\u00e7\u00e3o da Lista Tr\u00edplice para a escolha de Diretor(a) e Vice-diretor(a) da Escola de Belas Artes.<\/p>\n<p>Com nossos cordiais cumprimentos, agradecemos \u00e0 toda a comunidade acad\u00eamica da Escola de Belas Artes.<\/span><\/div>\n<div><span style=\"font-family: Calibri; font-size: medium;\">\u00a0<\/span><\/div>\n<div><span style=\"font-family: Calibri; font-size: medium;\">Profa. Verona Campos Segantini<\/span><\/div>\n<div><span style=\"font-family: Calibri; font-size: medium;\">Presidente da Comiss\u00e3o Eleitoral da EBA<\/span><\/div>\n<div><\/div>\n","protected":false},"excerpt":{"rendered":"<p>Prezada Comunidade da Escola de Belas Artes, Em aten\u00e7\u00e3o ao Edital do Processo de Consulta por meio eletr\u00f4nico \u00e0 Comunidade da EBA, para subsidiar a Egr\u00e9gia Congrega\u00e7\u00e3o na elabora\u00e7\u00e3o da Lista Tr\u00edplice para escolha de Diretor(A) e Vice- Diretor(A) da<\/p>\n","protected":false},"author":1,"featured_media":0,"comment_status":"closed","ping_status":"open","sticky":false,"template":"","format":"standard","meta":{"_eb_attr":"","footnotes":""},"categories":[1],"tags":[],"class_list":["post-7589","post","type-post","status-publish","format-standard","hentry","category-sem-categoria"],"_links":{"self":[{"href":"https:\/\/www.eba.ufmg.br\/index.php\/wp-json\/wp\/v2\/posts\/7589","targetHints":{"allow":["GET"]}}],"collection":[{"href":"https:\/\/www.eba.ufmg.br\/index.php\/wp-json\/wp\/v2\/posts"}],"about":[{"href":"https:\/\/www.eba.ufmg.br\/index.php\/wp-json\/wp\/v2\/types\/post"}],"author":[{"embeddable":true,"href":"https:\/\/www.eba.ufmg.br\/index.php\/wp-json\/wp\/v2\/users\/1"}],"replies":[{"embeddable":true,"href":"https:\/\/www.eba.ufmg.br\/index.php\/wp-json\/wp\/v2\/comments?post=7589"}],"version-history":[{"count":2,"href":"https:\/\/www.eba.ufmg.br\/index.php\/wp-json\/wp\/v2\/posts\/7589\/revisions"}],"predecessor-version":[{"id":8127,"href":"https:\/\/www.eba.ufmg.br\/index.php\/wp-json\/wp\/v2\/posts\/7589\/revisions\/8127"}],"wp:attachment":[{"href":"https:\/\/www.eba.ufmg.br\/index.php\/wp-json\/wp\/v2\/media?parent=7589"}],"wp:term":[{"taxonomy":"category","embeddable":true,"href":"https:\/\/www.eba.ufmg.br\/index.php\/wp-json\/wp\/v2\/categories?post=7589"},{"taxonomy":"post_tag","embeddable":true,"href":"https:\/\/www.eba.ufmg.br\/index.php\/wp-json\/wp\/v2\/tags?post=7589"}],"curies":[{"name":"wp","href":"https:\/\/api.w.org\/{rel}","templated":true}]}}