{"id":7497,"date":"2024-11-12T09:30:07","date_gmt":"2024-11-12T12:30:07","guid":{"rendered":"https:\/\/www.eba.ufmg.br\/?p=7497"},"modified":"2024-12-12T14:40:14","modified_gmt":"2024-12-12T17:40:14","slug":"processo-seletivo-para-concessao-de-afastamento-para-participacao-em-programa-de-pos-graduacao-stricto-sensu-e-para-realizacao-de-acao-de-desenvolvimento-em-servico","status":"publish","type":"post","link":"https:\/\/www.eba.ufmg.br\/index.php\/processo-seletivo-para-concessao-de-afastamento-para-participacao-em-programa-de-pos-graduacao-stricto-sensu-e-para-realizacao-de-acao-de-desenvolvimento-em-servico\/2024\/11\/","title":{"rendered":"PROCESSO SELETIVO PARA CONCESS\u00c3O DE AFASTAMENTO PARA PARTICIPA\u00c7\u00c3O EM PROGRAMA DE P\u00d3S-GRADUA\u00c7\u00c3O STRICTO SENSU E PARA REALIZA\u00c7\u00c3O DE A\u00c7\u00c3O DE DESENVOLVIMENTO EM SERVI\u00c7O"},"content":{"rendered":"<p><a href=\"https:\/\/www.eba.ufmg.br\/wp-content\/uploads\/2024\/11\/Edital-2487.pdf\" target=\"_blank\" rel=\"noopener\">EDITAL N\u00ba 2487\/2024<\/a><\/p>\n<p><a href=\"https:\/\/www.eba.ufmg.br\/wp-content\/uploads\/2024\/11\/20241203-SEI_3785108_Despacho.pdf\">Lista de inscri\u00e7\u00f5es Deferidas<\/a><\/p>\n<p><a href=\"https:\/\/www.eba.ufmg.br\/wp-content\/uploads\/2024\/11\/20241209-SEI_3800157_Despacho.pdf\">Classificados no processo seletivo<\/a><\/p>\n<p><a href=\"https:\/\/www.eba.ufmg.br\/wp-content\/uploads\/2024\/11\/20241210-Portaria_3811074.html\">Resultado dos Classificados no processo seletivo do Edital 2487\/2024 &#8211; ADS<\/a><\/p>\n<p><a href=\"https:\/\/www.eba.ufmg.br\/wp-content\/uploads\/2024\/11\/20241211-SEI_3812797_Portaria_11263.pdf\">Resultado dos classificados no processo seletivo do Edital 2487\/2024<i><b> &#8211; Stricto Sensu<\/b><\/i><\/a><\/p>\n<p>&nbsp;<\/p>\n","protected":false},"excerpt":{"rendered":"<p>EDITAL N\u00ba 2487\/2024 Lista de inscri\u00e7\u00f5es Deferidas Classificados no processo seletivo Resultado dos Classificados no processo seletivo do Edital 2487\/2024 &#8211; ADS Resultado dos classificados no processo seletivo do Edital 2487\/2024 &#8211; Stricto Sensu &nbsp;<\/p>\n","protected":false},"author":1,"featured_media":0,"comment_status":"closed","ping_status":"open","sticky":false,"template":"","format":"standard","meta":{"_eb_attr":"","footnotes":""},"categories":[1],"tags":[],"class_list":["post-7497","post","type-post","status-publish","format-standard","hentry","category-sem-categoria"],"_links":{"self":[{"href":"https:\/\/www.eba.ufmg.br\/index.php\/wp-json\/wp\/v2\/posts\/7497","targetHints":{"allow":["GET"]}}],"collection":[{"href":"https:\/\/www.eba.ufmg.br\/index.php\/wp-json\/wp\/v2\/posts"}],"about":[{"href":"https:\/\/www.eba.ufmg.br\/index.php\/wp-json\/wp\/v2\/types\/post"}],"author":[{"embeddable":true,"href":"https:\/\/www.eba.ufmg.br\/index.php\/wp-json\/wp\/v2\/users\/1"}],"replies":[{"embeddable":true,"href":"https:\/\/www.eba.ufmg.br\/index.php\/wp-json\/wp\/v2\/comments?post=7497"}],"version-history":[{"count":7,"href":"https:\/\/www.eba.ufmg.br\/index.php\/wp-json\/wp\/v2\/posts\/7497\/revisions"}],"predecessor-version":[{"id":7587,"href":"https:\/\/www.eba.ufmg.br\/index.php\/wp-json\/wp\/v2\/posts\/7497\/revisions\/7587"}],"wp:attachment":[{"href":"https:\/\/www.eba.ufmg.br\/index.php\/wp-json\/wp\/v2\/media?parent=7497"}],"wp:term":[{"taxonomy":"category","embeddable":true,"href":"https:\/\/www.eba.ufmg.br\/index.php\/wp-json\/wp\/v2\/categories?post=7497"},{"taxonomy":"post_tag","embeddable":true,"href":"https:\/\/www.eba.ufmg.br\/index.php\/wp-json\/wp\/v2\/tags?post=7497"}],"curies":[{"name":"wp","href":"https:\/\/api.w.org\/{rel}","templated":true}]}}