{"id":7402,"date":"2024-10-15T10:04:56","date_gmt":"2024-10-15T13:04:56","guid":{"rendered":"https:\/\/www.eba.ufmg.br\/?p=7402"},"modified":"2025-01-20T10:35:39","modified_gmt":"2025-01-20T13:35:39","slug":"concurso-publico-para-professor-assistente-classe-a-nivel-1-edital-2174de-10-de-outubro-de-2024-area-de-conhecimento-animacao-2","status":"publish","type":"post","link":"https:\/\/www.eba.ufmg.br\/index.php\/concurso-publico-para-professor-assistente-classe-a-nivel-1-edital-2174de-10-de-outubro-de-2024-area-de-conhecimento-animacao-2\/2024\/10\/","title":{"rendered":"Concurso P\u00fablico para Professor Assistente Classe A n\u00edvel 1 &#8211; Edital 2174,de 10 de outubro de 2024 &#8211; \u00c1rea de Conhecimento: Anima\u00e7\u00e3o 2D"},"content":{"rendered":"<p><strong>\u00c1REA DE CONHECIMENTO:<\/strong> Anima\u00e7\u00e3o 2D<\/p>\n<p><strong>VAGA:<\/strong> 1 (uma)<\/p>\n<p><strong>CLASSE DE MAGIST\u00c9RIO:<\/strong> Classe A com denomina\u00e7\u00e3o de Professor Assistente A, n\u00edvel 1<\/p>\n<p><strong>REGIME DE TRABALHO:<\/strong> 40 (quarenta) horas semanais, em tempo integral, com dedica\u00e7\u00e3o exclusiva.<\/p>\n<p><strong>N\u00cdVEL DE ESCOLARIDADE:<\/strong> Mestrado na \u00e1rea de Artes ou Artes Visuais ou Cinema e Audiovisual ou Comunica\u00e7\u00e3o ou Design.<\/p>\n<p><strong>PERFIL DO CANDIDATO:<\/strong> Dom\u00ednio de Anima\u00e7\u00e3o 2D nos processos anal\u00f3gico e digital por desenho quadro a quadro e recorte, utilizando software livre &#8211; considerando metodologia de produ\u00e7\u00e3o e os princ\u00edpios fundamentais na constru\u00e7\u00e3o do movimento para personagens e objetos -, com abrang\u00eancia em desenvolvimento visual e pr\u00e9-produ\u00e7\u00e3o para anima\u00e7\u00e3o.<\/p>\n<p><strong>PROVAS:<\/strong> Julgamento de T\u00edtulos, Prova Did\u00e1tica e Prova Pr\u00e1tica.<\/p>\n<p><strong>PROVA PR\u00c1TICA:<\/strong> A Prova Pr\u00e1tica consistir\u00e1 no planejamento e cria\u00e7\u00e3o de um trecho animado pelo(a) candidato(a) a partir de enunciado definido pela banca examinadora, que demonstre dom\u00ednio na \u00e1rea de conhecimento descrita no Edital considerando o &#8220;Perfil Desejado&#8221; no Quadro 1. Crit\u00e9rios considerados: ader\u00eancia aos requisitos das quest\u00f5es propostas, dura\u00e7\u00e3o da prova, dimens\u00f5es e resolu\u00e7\u00e3o do produto final solicitado pela Prova Pr\u00e1tica: arquivo(s)-fonte, arquivo(s) de v\u00eddeo e arquivo(s) de imagem. Dom\u00ednio qualitativo em anima\u00e7\u00e3o para resolu\u00e7\u00e3o das quest\u00f5es propostas, utilizando o conhecimento t\u00e9cnico das ferramentas indicadas nas refer\u00eancias.<\/p>\n<p><strong>INSTRUMENTOS, APARELHOS OU T\u00c9CNICAS A SEREM UTILIZADAS:<\/strong> Estar\u00e3o dispon\u00edveis aos candidatos computadores instalados com os softwares livres indicados nas Refer\u00eancias, mesas de luz para anima\u00e7\u00e3o, dispositivos de captura de imagens e mesas digitalizadoras, quando aplic\u00e1veis. N\u00e3o ser\u00e1 permitido o uso de equipamentos trazidos pelos candidatos.<\/p>\n<p><strong>METODOLOGIA DE AFERI\u00c7\u00c3O:<\/strong> Avalia\u00e7\u00e3o do(s) arquivo(s)-fonte, arquivo(s) de v\u00eddeo e arquivo(s) de imagem resultantes da Prova Pr\u00e1tica, considerando a adequa\u00e7\u00e3o \u00e0s quest\u00f5es propostas pelo enunciado para realiza\u00e7\u00e3o da Prova, o planejamento t\u00e9cnico e a qualidade do movimento constru\u00eddo na anima\u00e7\u00e3o (estrat\u00e9gias de ritmo, peso e itiner\u00e1rio com sugest\u00e3o de flexibilidade e de maleabilidade).<\/p>\n<p><strong>DURA\u00c7\u00c3O DA PROVA PR\u00c1TICA:<\/strong> A Prova Pr\u00e1tica ter\u00e1 a dura\u00e7\u00e3o de 4 (quatro) horas.<\/p>\n<p><strong>EDITAL:<\/strong> n\u00ba 2174, de 10 de outubro de 2024, publicado no Di\u00e1rio Oficial da Uni\u00e3o do dia 14 de outubro de 2024, Se\u00e7\u00e3o 3, p\u00e1ginas 54 a 60.<\/p>\n<p><strong>INSCRI\u00c7\u00d5ES POR CORREIO ELETR\u00d4NICO<br \/><\/strong><br \/><strong>PER\u00cdODO DAS INSCRI\u00c7\u00d5ES:<\/strong> De 15\/10\/ 2024 a 13\/ 11 \/ 2024 \u2013 (30 dias)<\/p>\n<p><strong>HOR\u00c1RIO:<\/strong> 00h00 \u00e0s 23hs59 (hor\u00e1rio de Bras\u00edlia)<\/p>\n<p><strong>E-MAIL:<\/strong> secgeralconcurso-ftc@eba.ufmg.br<\/p>\n<p><strong>PRAZO PARA O IN\u00cdCIO DO CONCURSO:<\/strong> De 30 (trinta) a 90 (noventa) dias, contados a partir da data de encerramento das inscri\u00e7\u00f5es.<\/p>\n<p><strong>DOCUMENTA\u00c7\u00c3O NECESS\u00c1RIA:<br \/><\/strong><br \/>6.7. O candidato dever\u00e1 enviar, no ato da inscri\u00e7\u00e3o, os seguintes documentos em arquivos digitais individuais, no formato PDF, com o tamanho m\u00e1ximo de 2 (dois) MB cada um:<\/p>\n<p>a) Termo de requerimento de inscri\u00e7\u00e3o devidamente preenchido e assinado (dispon\u00edvel na p\u00e1gina eletr\u00f4nica <a href=\"https:\/\/www.ufmg.br\/prorh\/publicacoes\/\">https:\/\/www.ufmg.br\/prorh\/publicacoes\/<\/a>, campo \u201cCONCURSO P\u00daBLICO DOCENTE\u201d, \u201cORIENTA\u00c7\u00d5ES para Candidato\u201d e na p\u00e1gina eletr\u00f4nica informada no Quadro 1);<\/p>\n<p>b) C\u00f3pia da Carteira de Identidade ou de outra prova de ser brasileiro nato ou naturalizado e, no caso de estrangeiro, de documento de identifica\u00e7\u00e3o;<\/p>\n<p>c) Comprova\u00e7\u00e3o de quita\u00e7\u00e3o com o Servi\u00e7o Militar, quando for o caso;<\/p>\n<p>d) Comprova\u00e7\u00e3o de quita\u00e7\u00e3o com a Justi\u00e7a Eleitoral, que pode ser obtida por meio do s\u00edtio eletr\u00f4nico <a href=\"https:\/\/www.tse.jus.br\/eleitor\/certidoes\/certidao-de-quitacao-eleitoral\">https:\/\/www.tse.jus.br\/eleitor\/certidoes\/certidao-de-quitacao-eleitoral<\/a>, dispens\u00e1vel no caso de candidatos estrangeiros;<\/p>\n<p>e) Comprovante do pagamento da taxa de inscri\u00e7\u00e3o no valor de R$215,99 (duzentos e quinze e noventa e nove centavos), dever\u00e1 ser paga no Banco do Brasil S\/A, por meio de Guia de Recolhimento da Uni\u00e3o \u2013 GRU, emitida atrav\u00e9s da p\u00e1gina eletr\u00f4nica, Guia de Recolhimento da Uni\u00e3o \u2013GRU <a href=\"https:\/\/sistemas.ufmg.br\/sisarc\/emissaogru\/gerir\/geriremissaogru.seam?codigo=0pEt22LMm\">https:\/\/sistemas.ufmg.br\/sisarc\/emissaogru\/gerir\/geriremissaogru.seam?codigo=0pEt22LMm<\/a> ou Formul\u00e1rio de Requerimento de Isen\u00e7\u00e3o do Pagamento de Taxa de Inscri\u00e7\u00e3o de Concursos P\u00fablicos (dispon\u00edvel na p\u00e1gina eletr\u00f4nica <a href=\"https:\/\/www.ufmg.br\/prorh\/publicacoes\/\">https:\/\/www.ufmg.br\/prorh\/publicacoes\/<\/a>, campo \u201cCONCURSO P\u00daBLICO DOCENTE\u201d, \u201cORIENTA\u00c7\u00d5ES para Candidato\u201d ou nos arquivos anexados a esta instru\u00e7\u00e3o. Obs: 7.4. As isen\u00e7\u00f5es dever\u00e3o ser solicitadas at\u00e9 o 5\u00ba dia \u00fatil ap\u00f3s o in\u00edcio do per\u00edodo de inscri\u00e7\u00e3o;<\/p>\n<p>f) Curriculum vitae;<\/p>\n<p>g) Documentos necess\u00e1rios para satisfazer os itens 6.11 e 11.6, al\u00ednea \u201ce\u201d, deste Edital, se for o caso.<\/p>\n<p>6.7.1. No envio da inscri\u00e7\u00e3o o candidato dever\u00e1 nomear a mensagem da seguinte forma: \u201cEdital [n\u00famero do edital] \u2013 [nome completo do candidato]\u201d.<\/p>\n<p>6.7.2. Caso n\u00e3o seja poss\u00edvel o envio dos arquivos em uma \u00fanica mensagem eletr\u00f4nica, \u00e9 facultado o envio dos arquivos em mais de uma mensagem, devendo ser acrescido, ao t\u00edtulo de cada mensagem, uma numera\u00e7\u00e3o correspondente \u00e0 ordem de envio das mensagens.<\/p>\n<p>6.7.3 O Portf\u00f3lio dever\u00e1 ser organizado em uma pasta digital e disponibilizado para download em uma plataforma de armazenamento e gerenciamento de arquivos. O gerenciamento do espa\u00e7o de armazenamento necess\u00e1rio para disponibiliza\u00e7\u00e3o do arquivo \u00e9 de responsabilidade exclusiva do candidato. O link para download do arquivo dever\u00e1 ser enviado para o endere\u00e7o eletr\u00f4nico informado no Quadro 1 deste Edital, nomeando a mensagem da seguinte forma: \u201cEdital [n\u00famero do edital] \u2013 [nome completo do candidato]_PORTFOLIO<\/p>\n<p>6.7.3.1 O Portf\u00f3lio, em formato digital, deve demonstrar dom\u00ednio na \u00e1rea de conhecimento do concurso. Ele deve conter 2 (dois) arquivos:<\/p>\n<p>a) Um arquivo em formato PDF de at\u00e9 20 MB com sele\u00e7\u00e3o de imagens est\u00e1ticas, incluindo: ilustra\u00e7\u00f5es de concep\u00e7\u00e3o visual para anima\u00e7\u00e3o &#8211; personagens, objetos, cen\u00e1rios -, com indica\u00e7\u00e3o de refer\u00eancia (link para acesso) aos projetos profissionais para os quais foram desenvolvidos; desenhos em esbo\u00e7o para anima\u00e7\u00e3o, representando figuras humanas ou animais em poses expressando movimento. Ser\u00e3o considerados quesitos para avalia\u00e7\u00e3o: a composi\u00e7\u00e3o dos elementos visuais, perspectiva, ambi\u00eancia, ilumina\u00e7\u00e3o, harmonia de cores, o dom\u00ednio da silhueta, espontaneidade, equil\u00edbrio da forma, sugest\u00e3o de personalidade e expressividade dos esbo\u00e7os;<\/p>\n<p>b) Um \u00fanico v\u00eddeo de at\u00e9 100 MB (demo reel) com dura\u00e7\u00e3o m\u00e1xima de 3 (tr\u00eas) minutos e resolu\u00e7\u00e3o de at\u00e9 1920 x 1080 no formato mp4 \u2013 compacta\u00e7\u00e3o H.264, 24fps \u2013, selecionado com trechos animados pelo(a) candidato(a), compostos e editados por ele(a) para exemplificar trabalhos profissionais, autorais ou acad\u00eamicos que considere mais relevantes, com sua participa\u00e7\u00e3o comprovada. Os trabalhos apresentados no v\u00eddeo dever\u00e3o vir acompanhados respectivamente de ficha t\u00e9cnica no formato de intert\u00edtulos ou legendas discriminando quais as t\u00e9cnicas empregadas, quais elementos visuais foram animados pelo(a) candidato(a) &#8211; se personagem ou objetos &#8211; a natureza e o meio de divulga\u00e7\u00e3o de cada trabalho. Se houver trabalhos em equipe, exige-se especificar tamb\u00e9m o que o(a) candidato(a) realizou nos conte\u00fados apresentados. Fica a crit\u00e9rio dos candidatos, sem obrigatoriedade, indicar links para acesso aos filmes completos que animou. Ser\u00e3o considerados quesitos para avalia\u00e7\u00e3o: a qualidade do movimento animado pelo(a) candidato(a) &#8211; na sugest\u00e3o de ritmo, peso, itiner\u00e1rio, flexibilidade e maleabilidade das formas -, al\u00e9m do dom\u00ednio na cria\u00e7\u00e3o do projeto visual (Design) dos elementos de cena, quando desenhados ou constru\u00eddos pelo(a) candidato(a) &#8211; personagens, objetos e cen\u00e1rios 2D. Na avalia\u00e7\u00e3o da ficha t\u00e9cnica: organiza\u00e7\u00e3o e clareza de informa\u00e7\u00f5es, discriminando trabalhos profissionais, autorais ou acad\u00eamicos (softwares utilizados, atividade executada, produtora ou est\u00fadio, institui\u00e7\u00e3o ou escola etc.).<\/p>\n<p>6.10. Os documentos comprobat\u00f3rios do curriculum vitae, numerados e ordenados, preferencialmente, na mesma sequ\u00eancia apresentada no curriculum vitae, no formato PDF, e o Portf\u00f3lio, dever\u00e3o ser enviados para o correio eletr\u00f4nico secgeralconcurso-ftc@eba.ufmg.br, em at\u00e9 dez dias ap\u00f3s o t\u00e9rmino das inscri\u00e7\u00f5es.<\/p>\n<p>6.10.1. Os documentos comprobat\u00f3rios do curriculum vitae devem ser enviados em arquivos no formato PDF de at\u00e9 20 (vinte) MB cada.<\/p>\n<p>6.10.1.1 A caixa de correio eletr\u00f4nico da UFMG tem capacidade limitada em 20 (vinte) MB por mensagem. Os envios que excederem a capacidade de 20 (vinte) MB n\u00e3o ser\u00e3o considerados e o candidato n\u00e3o far\u00e1 jus \u00e0 pontua\u00e7\u00e3o referente ao envio.<\/p>\n<p>6.10.1.2 Caso n\u00e3o seja poss\u00edvel o envio dos arquivos em uma \u00fanica mensagem eletr\u00f4nica, \u00e9 facultado o envio dos documentos comprobat\u00f3rios do curriculum vitae em mais de uma mensagem, devendo ser acrescido, ao t\u00edtulo de cada mensagem, uma numera\u00e7\u00e3o correspondente \u00e0 ordem de envio das mensagens.<\/p>\n<p>6.10.2. O recebimento dos documentos comprobat\u00f3rios ser\u00e1 confirmado por meio de mensagem eletr\u00f4nica ao candidato, em at\u00e9 1 (um) dia \u00fatil.<\/p>\n<p>6.10.3. A UFMG reserva-se o direito de exigir, a qualquer tempo, a apresenta\u00e7\u00e3o dos documentos originais ou c\u00f3pias autenticadas dos documentos comprobat\u00f3rios, pessoalmente ou por envio postal.<\/p>\n<p>Arquivos<\/p>\n<p><a href=\"https:\/\/www.eba.ufmg.br\/wp-content\/uploads\/2024\/10\/Edital-2174-2024-Animacao-2D.pdf\">Edital N\u00ba 2174, de 10 de outubro de 2024, publicado no Di\u00e1rio Oficial da Uni\u00e3o do dia 14 de outubro de 2024, Se\u00e7\u00e3o 3, p\u00e1ginas 54 a 60.<\/a><\/p>\n<p><a href=\"https:\/\/www.eba.ufmg.br\/wp-content\/uploads\/2024\/10\/Termo-de-Requerimento-de-Inscricao-Concurso-Publico-para-Cargo-do-Magisterio-Federal-.pdf\">Termo de Requerimento de Inscri\u00e7\u00e3o Concurso P\u00fablico para Cargo do Magist\u00e9rio Federal<\/a><\/p>\n<p><a href=\"https:\/\/www.eba.ufmg.br\/wp-content\/uploads\/2024\/10\/Isencao-do-Pagamento-de-Taxa-de-Inscricao-de-Concursos-Publicos.pdf\">Formul\u00e1rio de Solicita\u00e7\u00e3o de Isen\u00e7\u00e3o do pagamento de taxa de inscri\u00e7\u00e3o de Concursos P\u00fablicos \u2013 Cargo do Magist\u00e9rio Federal<\/a><\/p>\n<p><a href=\"https:\/\/www.eba.ufmg.br\/wp-content\/uploads\/2024\/10\/Termo-de-Consentimento-de-Gravacao-de-Provas-Didatica-e-Praticas.pdf\">Termo de Consentimento para Grava\u00e7\u00e3o de Provas did\u00e1tica e pr\u00e1tica<\/a><\/p>\n<p><a href=\"https:\/\/www.eba.ufmg.br\/wp-content\/uploads\/2024\/10\/Programa-do-Concurso-2174.pdf\">Programa do Concurso<\/a><\/p>\n<p><a href=\"https:\/\/www.eba.ufmg.br\/wp-content\/uploads\/2024\/08\/RESOLUCAO-13-2010.-RECURSO-E-REVISAO.pdf\">Resolu\u00e7\u00e3o n\u00ba 13\/2010, de 11 de Novembro de 2010<\/a><\/p>\n<p><a href=\"https:\/\/www.eba.ufmg.br\/wp-content\/uploads\/2021\/12\/RESOLU\u00c7\u00c3O-COMPLEMENTAR-N\u00ba-02-2013.-CONCURSO-DE-MAGIST\u00c9RIO.compressed.pdf\">Resolu\u00e7\u00e3o Complementar n\u00ba 02\/2013, de 07 de Fevereiro de 2013<\/a><\/p>\n<p><a href=\"https:\/\/www.eba.ufmg.br\/wp-content\/uploads\/2021\/06\/DECRETO-N\u00ba-9.739-DE-28-DE-MAR\u00c7O-DE-2019-Imprensa-Nacional.pdf\">Decreto n\u00ba 9.739, de 28 de Mar\u00e7o de 2019<\/a><\/p>\n<p><a href=\"https:\/\/www.eba.ufmg.br\/wp-content\/uploads\/2024\/10\/relacao-candidatos-inscritos-animacao-2D.pdf\">Rela\u00e7\u00e3o de candidatos inscritos &#8211; Anima\u00e7\u00e3o 2D<\/a><\/p>\n<p><a href=\"https:\/\/www.eba.ufmg.br\/wp-content\/uploads\/2024\/10\/Inscricoes-homologadas-Edital-2174-2024-Animacao-2D.pdf\">Inscri\u00e7\u00f5es homologadas &#8211; Edital 2174-2024 &#8211; Anima\u00e7\u00e3o 2D<\/a><\/p>\n<p><a href=\"https:\/\/www.eba.ufmg.br\/wp-content\/uploads\/2024\/10\/Edital_-de-convocacao-2852.pdf\">Edital 2852 &#8211; Convoca\u00e7\u00e3o<\/a><\/p>\n<p><a href=\"https:\/\/www.eba.ufmg.br\/wp-content\/uploads\/2024\/10\/Portaria-Comissao-Examinadora-Animacao-2D.pdf\">Portaria 11568 &#8211; Comiss\u00e3o Examinadora Anima\u00e7\u00e3o 2D<\/a><\/p>\n<p><a href=\"https:\/\/www.eba.ufmg.br\/wp-content\/uploads\/2024\/10\/Cronograma_Concurso_2D_14-01-2025.pdf\" target=\"_blank\" rel=\"noopener\">Cronograma<\/a><\/p>\n<p><a href=\"https:\/\/www.eba.ufmg.br\/wp-content\/uploads\/2024\/10\/Resultado-Final-do-Concurso-1.pdf\" target=\"_blank\" rel=\"noopener\">Resultado<\/a><\/p>\n\n\n<p><\/p>\n","protected":false},"excerpt":{"rendered":"<p>\u00c1REA DE CONHECIMENTO: Anima\u00e7\u00e3o 2D VAGA: 1 (uma) CLASSE DE MAGIST\u00c9RIO: Classe A com denomina\u00e7\u00e3o de Professor Assistente A, n\u00edvel 1 REGIME DE TRABALHO: 40 (quarenta) horas semanais, em tempo integral, com dedica\u00e7\u00e3o exclusiva. N\u00cdVEL DE ESCOLARIDADE: Mestrado na \u00e1rea<\/p>\n","protected":false},"author":1,"featured_media":0,"comment_status":"closed","ping_status":"open","sticky":false,"template":"","format":"standard","meta":{"_eb_attr":"","footnotes":""},"categories":[34],"tags":[],"class_list":["post-7402","post","type-post","status-publish","format-standard","hentry","category-concursos"],"_links":{"self":[{"href":"https:\/\/www.eba.ufmg.br\/index.php\/wp-json\/wp\/v2\/posts\/7402","targetHints":{"allow":["GET"]}}],"collection":[{"href":"https:\/\/www.eba.ufmg.br\/index.php\/wp-json\/wp\/v2\/posts"}],"about":[{"href":"https:\/\/www.eba.ufmg.br\/index.php\/wp-json\/wp\/v2\/types\/post"}],"author":[{"embeddable":true,"href":"https:\/\/www.eba.ufmg.br\/index.php\/wp-json\/wp\/v2\/users\/1"}],"replies":[{"embeddable":true,"href":"https:\/\/www.eba.ufmg.br\/index.php\/wp-json\/wp\/v2\/comments?post=7402"}],"version-history":[{"count":6,"href":"https:\/\/www.eba.ufmg.br\/index.php\/wp-json\/wp\/v2\/posts\/7402\/revisions"}],"predecessor-version":[{"id":8088,"href":"https:\/\/www.eba.ufmg.br\/index.php\/wp-json\/wp\/v2\/posts\/7402\/revisions\/8088"}],"wp:attachment":[{"href":"https:\/\/www.eba.ufmg.br\/index.php\/wp-json\/wp\/v2\/media?parent=7402"}],"wp:term":[{"taxonomy":"category","embeddable":true,"href":"https:\/\/www.eba.ufmg.br\/index.php\/wp-json\/wp\/v2\/categories?post=7402"},{"taxonomy":"post_tag","embeddable":true,"href":"https:\/\/www.eba.ufmg.br\/index.php\/wp-json\/wp\/v2\/tags?post=7402"}],"curies":[{"name":"wp","href":"https:\/\/api.w.org\/{rel}","templated":true}]}}