{"id":7321,"date":"2024-09-24T14:05:36","date_gmt":"2024-09-24T17:05:36","guid":{"rendered":"https:\/\/www.eba.ufmg.br\/?p=7321"},"modified":"2024-09-24T14:05:36","modified_gmt":"2024-09-24T17:05:36","slug":"exposicao-sob-o-mesmo-ceu-25-de-setembro-a-10-de-outubro-galeria-da-escola-de-belas-artes","status":"publish","type":"post","link":"https:\/\/www.eba.ufmg.br\/index.php\/exposicao-sob-o-mesmo-ceu-25-de-setembro-a-10-de-outubro-galeria-da-escola-de-belas-artes\/2024\/09\/","title":{"rendered":"Exposi\u00e7\u00e3o &#8220;Sob o mesmo c\u00e9u&#8221; &#8211; 25 de setembro a 10 de outubro &#8211; Galeria da Escola de Belas Artes"},"content":{"rendered":"<p><a href=\"https:\/\/www.eba.ufmg.br\/wp-content\/uploads\/2024\/09\/20240924-Sob-o-mesmo-ceeu_flyer.jpg\"><img loading=\"lazy\" decoding=\"async\" class=\"alignleft size-large wp-image-7319\" src=\"https:\/\/www.eba.ufmg.br\/wp-content\/uploads\/2024\/09\/20240924-Sob-o-mesmo-ceeu_flyer-1024x1024.jpg\" alt=\"\" width=\"720\" height=\"720\" srcset=\"https:\/\/www.eba.ufmg.br\/wp-content\/uploads\/2024\/09\/20240924-Sob-o-mesmo-ceeu_flyer-1024x1024.jpg 1024w, https:\/\/www.eba.ufmg.br\/wp-content\/uploads\/2024\/09\/20240924-Sob-o-mesmo-ceeu_flyer-300x300.jpg 300w, https:\/\/www.eba.ufmg.br\/wp-content\/uploads\/2024\/09\/20240924-Sob-o-mesmo-ceeu_flyer-150x150.jpg 150w, https:\/\/www.eba.ufmg.br\/wp-content\/uploads\/2024\/09\/20240924-Sob-o-mesmo-ceeu_flyer-768x768.jpg 768w, https:\/\/www.eba.ufmg.br\/wp-content\/uploads\/2024\/09\/20240924-Sob-o-mesmo-ceeu_flyer-1536x1536.jpg 1536w, https:\/\/www.eba.ufmg.br\/wp-content\/uploads\/2024\/09\/20240924-Sob-o-mesmo-ceeu_flyer-230x230.jpg 230w, https:\/\/www.eba.ufmg.br\/wp-content\/uploads\/2024\/09\/20240924-Sob-o-mesmo-ceeu_flyer-365x365.jpg 365w, https:\/\/www.eba.ufmg.br\/wp-content\/uploads\/2024\/09\/20240924-Sob-o-mesmo-ceeu_flyer.jpg 1600w\" sizes=\"auto, (max-width: 720px) 100vw, 720px\" \/><\/a>A exposi\u00e7\u00e3o coletiva Sob o mesmo c\u00e9u ser\u00e1 aberta no dia 25 de setembro, \u00e0s 17h, na Galeria da Escola de Belas Artes da UFMG.<\/p>\n<p>A mostra \u00e9 uma a\u00e7\u00e3o no N\u2019Foto \u2013 N\u00facleo de Pesquisa em Fotografia e foi composta a partir de uma convocat\u00f3ria aberta a trabalhos desenvolvidos no \u00e2mbito da Escola de Belas Artes. A primeira montagem aconteceu em 2023, no Quatro Cantos Espa\u00e7o Cultural, que integra o Campus Cultural UFMG em Tiradentes, como parte da programa\u00e7\u00e3o do 12\u00b0 Festival de Fotografia de Tiradentes. A edi\u00e7\u00e3o que chega \u00e0 Galeria da EBA foi selecionada na chamada \u201cArte Aqui\u201d de ocupa\u00e7\u00e3o dos espa\u00e7os expositivos da escola, promovida pelo Cenex-EBA.<\/p>\n<p>\u00c9 em torno do compartilhamento das experi\u00eancias subjetivas e pol\u00edticas, da investiga\u00e7\u00e3o dos procedimentos art\u00edsticos e do rigor de um protocolo de experimenta\u00e7\u00e3o com as imagens que emergem as obras. Cada um a seu modo, os trabalhos exploram percursos e passagens entre a tradi\u00e7\u00e3o hist\u00f3rica da fotografia, seu campo expandido e as rela\u00e7\u00f5es com os universos da imagem e da arte contempor\u00e2nea.<\/p>\n<p>Participam: Al-Qu\u00edmicos (Adaiany Rodrigues, Adolfo Cifuentes, Adriana Ferreira, Camilla Fidelis, Cleber Falieri e Lu\u00eds Siqueira), Daniel Borges, Diego Vinicius, Fernanda Campos, Fernando Costaa, Giovanna Almeida Cunha e Theodora, .:gr\u00e3o (Gabriela S\u00e1 e \u00cdcaro Moreno), Heloisa Brabo, Iris Segundo, Isabel Moreira, Leonor Dourado, Liel Gabino, Lucas Almeida, Maria Mendes, Mariana Alves Machado, Pop\u00f3 Tolentino, Reisla Oliveira, Rodrigo Amaral, Yan Nicolas, Yurika Morais.<\/p>\n<p>A curadoria \u00e9 de Anna Karina Bartolomeu, Eduardo de Jesus e Eduardo Queiroga.<\/p>\n<p><strong>Local: Galeria da Escola de Belas Artes &#8211; UFMG<\/strong><br \/>\n<strong>Abertura: 25 de setembro, \u00e0s 17h<\/strong><br \/>\n<strong>Visita\u00e7\u00e3o at\u00e9 10 de outubro<\/strong><br \/>\n<strong>Hor\u00e1rios: segunda a sexta, de 8h \u00e0s 22h<\/strong><\/p>\n","protected":false},"excerpt":{"rendered":"<p>A exposi\u00e7\u00e3o coletiva Sob o mesmo c\u00e9u ser\u00e1 aberta no dia 25 de setembro, \u00e0s 17h, na Galeria da Escola de Belas Artes da UFMG. A mostra \u00e9 uma a\u00e7\u00e3o no N\u2019Foto \u2013 N\u00facleo de Pesquisa em Fotografia e foi<\/p>\n","protected":false},"author":1,"featured_media":0,"comment_status":"closed","ping_status":"open","sticky":false,"template":"","format":"standard","meta":{"_eb_attr":"","footnotes":""},"categories":[1],"tags":[],"class_list":["post-7321","post","type-post","status-publish","format-standard","hentry","category-sem-categoria"],"_links":{"self":[{"href":"https:\/\/www.eba.ufmg.br\/index.php\/wp-json\/wp\/v2\/posts\/7321","targetHints":{"allow":["GET"]}}],"collection":[{"href":"https:\/\/www.eba.ufmg.br\/index.php\/wp-json\/wp\/v2\/posts"}],"about":[{"href":"https:\/\/www.eba.ufmg.br\/index.php\/wp-json\/wp\/v2\/types\/post"}],"author":[{"embeddable":true,"href":"https:\/\/www.eba.ufmg.br\/index.php\/wp-json\/wp\/v2\/users\/1"}],"replies":[{"embeddable":true,"href":"https:\/\/www.eba.ufmg.br\/index.php\/wp-json\/wp\/v2\/comments?post=7321"}],"version-history":[{"count":1,"href":"https:\/\/www.eba.ufmg.br\/index.php\/wp-json\/wp\/v2\/posts\/7321\/revisions"}],"predecessor-version":[{"id":7322,"href":"https:\/\/www.eba.ufmg.br\/index.php\/wp-json\/wp\/v2\/posts\/7321\/revisions\/7322"}],"wp:attachment":[{"href":"https:\/\/www.eba.ufmg.br\/index.php\/wp-json\/wp\/v2\/media?parent=7321"}],"wp:term":[{"taxonomy":"category","embeddable":true,"href":"https:\/\/www.eba.ufmg.br\/index.php\/wp-json\/wp\/v2\/categories?post=7321"},{"taxonomy":"post_tag","embeddable":true,"href":"https:\/\/www.eba.ufmg.br\/index.php\/wp-json\/wp\/v2\/tags?post=7321"}],"curies":[{"name":"wp","href":"https:\/\/api.w.org\/{rel}","templated":true}]}}