{"id":7271,"date":"2024-09-09T09:00:08","date_gmt":"2024-09-09T12:00:08","guid":{"rendered":"https:\/\/www.eba.ufmg.br\/?p=7271"},"modified":"2024-09-09T13:21:12","modified_gmt":"2024-09-09T16:21:12","slug":"7271","status":"publish","type":"post","link":"https:\/\/www.eba.ufmg.br\/index.php\/7271\/2024\/09\/","title":{"rendered":"UFMG: compromisso com a cidade e seu povo"},"content":{"rendered":"<p><span style=\"color: #ff0000; font-size: xx-small;\">Texto: <em><strong>Sandra Regina Goulart Almeida<\/strong> &#8211; Reitora da UFMG &#8211; publicado no jornal O Tempo<\/em><\/span><\/p>\n<p>Quando lan\u00e7aram as bases da Conjura\u00e7\u00e3o Mineira, no fim do s\u00e9culo XVIII, os inconfidentes acalentavam alguns sonhos: romper com Portugal e instaurar um regime republicano, acabar com o monop\u00f3lio comercial portugu\u00eas, livrar-se dos impostos escorchantes cobrados pela Coroa e fundar uma universidade em solo mineiro.<\/p>\n<p>O \u00faltimo sonho ganhou materialidade em 7 de setembro de 1927, quando um grupo de intelectuais, comandado pelo professor Francisco Mendes Pimentel, criou a ent\u00e3o Universidade de Minas Gerais (UMG) em Belo Horizonte, a nova capital do estado.<\/p>\n<p>Em seu ato fundador, materializou, de forma tardia, o sonho daqueles mineiros vision\u00e1rios e estabeleceu um compromisso inarred\u00e1vel da nova universidade com seu estado e sua cidade. Qualquer projeto de na\u00e7\u00e3o soberana est\u00e1 condicionado \u00e0 exist\u00eancia de universidades fortes, aut\u00f4nomas e geradoras de conhecimento de ponta, e nossos inconfidentes, atentos \u00e0s experi\u00eancias do mundo \u00e0 \u00e9poca, tinham clareza dessa necessidade.<\/p>\n<p>O objetivo era promover a converg\u00eancia e a justaposi\u00e7\u00e3o de projetos simbi\u00f3ticos: de um Brasil livre, de um estado que se guia pelo conhecimento cient\u00edfico, de uma cidade acolhedora do saber e de uma universidade aut\u00f4noma.<\/p>\n<p>Mendes Pimentel, nosso primeiro reitor, concebia a educa\u00e7\u00e3o como um vetor de transforma\u00e7\u00e3o social. Em seu discurso de abertura dos cursos da UMG, proferido em 2 de abril de 1928, ele indicaria os rumos que a Institui\u00e7\u00e3o seguiu \u00e0 risca: \u201cUma universidade, para que mere\u00e7a o nome, tem de ser um centro de propaga\u00e7\u00e3o da cultura, pela forma\u00e7\u00e3o de indiv\u00edduos aptos para atividade material e mental no ambiente nacional&#8230; Mais: deve ser uma institui\u00e7\u00e3o nacional e, at\u00e9 certo ponto, local, para refletir as caracter\u00edsticas do povo que a mant\u00e9m e para atender \u00e0s necessidades peculiares do meio em que trabalha\u201d.<\/p>\n<p>Ao completar 97 anos neste 7 de setembro de 2024, data que marca o in\u00edcio das comemora\u00e7\u00f5es do seu centen\u00e1rio, a UFMG segue comprometida com o projeto de um pa\u00eds equ\u00e2nime, democr\u00e1tico e justo e com uma cidade que reconhece a import\u00e2ncia do conhecimento e da ci\u00eancia.<\/p>\n<p>Hoje, celebramos n\u00e3o somente a hist\u00f3ria e a mem\u00f3ria da Universidade, mas tamb\u00e9m o seu tempo presente, em que \u00e9 reconhecida como uma das mais importantes institui\u00e7\u00f5es de ensino superior do pa\u00eds, que engrandece seu Estado, sua cidade e o povo mineiro.<\/p>\n<p>Em rela\u00e7\u00e3o ao futuro, a UFMG vislumbra a expans\u00e3o da produ\u00e7\u00e3o do conhecimento cient\u00edfico, tecnol\u00f3gico, art\u00edstico e cultural, a articula\u00e7\u00e3o com outros saberes e a cont\u00ednua intera\u00e7\u00e3o com a sociedade e com as cidades nas quais est\u00e1 firmemente inserida.<\/p>\n<p>No momento em que os munic\u00edpios se preparam para escolher seus novos prefeitos e representantes na C\u00e2mara dos Vereadores, refor\u00e7amos o compromisso com uma cidade sustent\u00e1vel e capaz de promover a harmonia entre os interesses econ\u00f4micos, o respeito \u00e0 educa\u00e7\u00e3o e \u00e0 ci\u00eancia, o cuidado com as pessoas e os animais, os anseios de sua popula\u00e7\u00e3o e a defesa dos valores \u00e9ticos que moldaram a hist\u00f3ria desta Institui\u00e7\u00e3o em seus quase cem anos de vida.<\/p>\n<p>Sob a inspira\u00e7\u00e3o do seu lema fundador \u2013 \u201c<em>Incipit vita nova<\/em>\u201d (uma vida nova principia) \u2013, a UFMG renova os compromissos firmados por seus pioneiros \u2013 e aqui inclu\u00edmos os inconfidentes do s\u00e9culo 18. Parafraseando a m\u00fasica, os inconfidentes e os fundadores, mesmo separados pelo tempo, sonharam um sonho juntos, e esse sonho virou realidade.<\/p>\n<p>&nbsp;<\/p>\n","protected":false},"excerpt":{"rendered":"<p>Texto: Sandra Regina Goulart Almeida &#8211; Reitora da UFMG &#8211; publicado no jornal O Tempo Quando lan\u00e7aram as bases da Conjura\u00e7\u00e3o Mineira, no fim do s\u00e9culo XVIII, os inconfidentes acalentavam alguns sonhos: romper com Portugal e instaurar um regime republicano,<\/p>\n","protected":false},"author":1,"featured_media":0,"comment_status":"closed","ping_status":"open","sticky":false,"template":"","format":"standard","meta":{"_eb_attr":"","footnotes":""},"categories":[12],"tags":[],"class_list":["post-7271","post","type-post","status-publish","format-standard","hentry","category-noticias"],"_links":{"self":[{"href":"https:\/\/www.eba.ufmg.br\/index.php\/wp-json\/wp\/v2\/posts\/7271","targetHints":{"allow":["GET"]}}],"collection":[{"href":"https:\/\/www.eba.ufmg.br\/index.php\/wp-json\/wp\/v2\/posts"}],"about":[{"href":"https:\/\/www.eba.ufmg.br\/index.php\/wp-json\/wp\/v2\/types\/post"}],"author":[{"embeddable":true,"href":"https:\/\/www.eba.ufmg.br\/index.php\/wp-json\/wp\/v2\/users\/1"}],"replies":[{"embeddable":true,"href":"https:\/\/www.eba.ufmg.br\/index.php\/wp-json\/wp\/v2\/comments?post=7271"}],"version-history":[{"count":2,"href":"https:\/\/www.eba.ufmg.br\/index.php\/wp-json\/wp\/v2\/posts\/7271\/revisions"}],"predecessor-version":[{"id":7273,"href":"https:\/\/www.eba.ufmg.br\/index.php\/wp-json\/wp\/v2\/posts\/7271\/revisions\/7273"}],"wp:attachment":[{"href":"https:\/\/www.eba.ufmg.br\/index.php\/wp-json\/wp\/v2\/media?parent=7271"}],"wp:term":[{"taxonomy":"category","embeddable":true,"href":"https:\/\/www.eba.ufmg.br\/index.php\/wp-json\/wp\/v2\/categories?post=7271"},{"taxonomy":"post_tag","embeddable":true,"href":"https:\/\/www.eba.ufmg.br\/index.php\/wp-json\/wp\/v2\/tags?post=7271"}],"curies":[{"name":"wp","href":"https:\/\/api.w.org\/{rel}","templated":true}]}}