{"id":7221,"date":"2024-08-21T14:08:59","date_gmt":"2024-08-21T17:08:59","guid":{"rendered":"https:\/\/www.eba.ufmg.br\/?p=7221"},"modified":"2024-08-22T14:10:55","modified_gmt":"2024-08-22T17:10:55","slug":"encontro-com-butoh-da-familia-ohno-21-08-19h-sala-de-danca-4o-andar-anexo-f","status":"publish","type":"post","link":"https:\/\/www.eba.ufmg.br\/index.php\/encontro-com-butoh-da-familia-ohno-21-08-19h-sala-de-danca-4o-andar-anexo-f\/2024\/08\/","title":{"rendered":"\u201cEncontro com butoh da fam\u00edlia Ohno\u201d &#8211; 21\/08 &#8211; 19h &#8211; Sala de Dan\u00e7a 4\u00ba andar Anexo F"},"content":{"rendered":"<p><a href=\"https:\/\/www.eba.ufmg.br\/wp-content\/uploads\/2024\/08\/20240822-Divulgacao-Butoh.jpg\"><img loading=\"lazy\" decoding=\"async\" class=\"alignleft size-large wp-image-7222\" src=\"https:\/\/www.eba.ufmg.br\/wp-content\/uploads\/2024\/08\/20240822-Divulgacao-Butoh-803x1024.jpg\" alt=\"\" width=\"720\" height=\"918\" srcset=\"https:\/\/www.eba.ufmg.br\/wp-content\/uploads\/2024\/08\/20240822-Divulgacao-Butoh-803x1024.jpg 803w, https:\/\/www.eba.ufmg.br\/wp-content\/uploads\/2024\/08\/20240822-Divulgacao-Butoh-235x300.jpg 235w, https:\/\/www.eba.ufmg.br\/wp-content\/uploads\/2024\/08\/20240822-Divulgacao-Butoh-768x979.jpg 768w, https:\/\/www.eba.ufmg.br\/wp-content\/uploads\/2024\/08\/20240822-Divulgacao-Butoh.jpg 1080w\" sizes=\"auto, (max-width: 720px) 100vw, 720px\" \/><\/a>Dia 21 de agosto, acontece, dentro da programa\u00e7\u00e3o da 3\u00aa mostra CRDan\u00e7aBH, acontece o \u201cEncontro com butoh da fam\u00edlia Ohno\u201d.<\/p>\n<p>Uma conversa com membros da fam\u00edlia Ohno com o p\u00fablico, compartilhando suas percep\u00e7\u00f5es sobre a concep\u00e7\u00e3o do espet\u00e1culo \u201cDezoito Esta\u00e7\u00f5es de Outono\u201d.<\/p>\n<p>Encontro com butoh da fam\u00edlia Ohno<br \/>\nCom Etsuko Ohno, Mikako Ono e Yuki Oukawa (Jap\u00e3o). Media\u00e7\u00e3o: Prof\u00aa Carla Andreia &#8211; Organiza\u00e7\u00e3o Institucional Dan\u00e7a EBA\/UFMG Prof\u00ba. Arnaldo Alvarenga<br \/>\n21\/8, \u00e0s 19h na UFMG &#8211; Sala de Dan\u00e7a (4\u00ba andar, anexo F &#8211; Escola de Belas Artes)<br \/>\nAv. Pres. Ant\u00f4nio Carlos, 6627 &#8211; Pampulha<br \/>\nClassifica\u00e7\u00e3o: 12 anos<\/p>\n<div dir=\"auto\"><\/div>\n","protected":false},"excerpt":{"rendered":"<p>Dia 21 de agosto, acontece, dentro da programa\u00e7\u00e3o da 3\u00aa mostra CRDan\u00e7aBH, acontece o \u201cEncontro com butoh da fam\u00edlia Ohno\u201d. Uma conversa com membros da fam\u00edlia Ohno com o p\u00fablico, compartilhando suas percep\u00e7\u00f5es sobre a concep\u00e7\u00e3o do espet\u00e1culo \u201cDezoito Esta\u00e7\u00f5es<\/p>\n","protected":false},"author":1,"featured_media":0,"comment_status":"closed","ping_status":"open","sticky":false,"template":"","format":"standard","meta":{"_eb_attr":"","footnotes":""},"categories":[1],"tags":[],"class_list":["post-7221","post","type-post","status-publish","format-standard","hentry","category-sem-categoria"],"_links":{"self":[{"href":"https:\/\/www.eba.ufmg.br\/index.php\/wp-json\/wp\/v2\/posts\/7221","targetHints":{"allow":["GET"]}}],"collection":[{"href":"https:\/\/www.eba.ufmg.br\/index.php\/wp-json\/wp\/v2\/posts"}],"about":[{"href":"https:\/\/www.eba.ufmg.br\/index.php\/wp-json\/wp\/v2\/types\/post"}],"author":[{"embeddable":true,"href":"https:\/\/www.eba.ufmg.br\/index.php\/wp-json\/wp\/v2\/users\/1"}],"replies":[{"embeddable":true,"href":"https:\/\/www.eba.ufmg.br\/index.php\/wp-json\/wp\/v2\/comments?post=7221"}],"version-history":[{"count":1,"href":"https:\/\/www.eba.ufmg.br\/index.php\/wp-json\/wp\/v2\/posts\/7221\/revisions"}],"predecessor-version":[{"id":7223,"href":"https:\/\/www.eba.ufmg.br\/index.php\/wp-json\/wp\/v2\/posts\/7221\/revisions\/7223"}],"wp:attachment":[{"href":"https:\/\/www.eba.ufmg.br\/index.php\/wp-json\/wp\/v2\/media?parent=7221"}],"wp:term":[{"taxonomy":"category","embeddable":true,"href":"https:\/\/www.eba.ufmg.br\/index.php\/wp-json\/wp\/v2\/categories?post=7221"},{"taxonomy":"post_tag","embeddable":true,"href":"https:\/\/www.eba.ufmg.br\/index.php\/wp-json\/wp\/v2\/tags?post=7221"}],"curies":[{"name":"wp","href":"https:\/\/api.w.org\/{rel}","templated":true}]}}