{"id":6709,"date":"2023-11-24T20:46:46","date_gmt":"2023-11-24T23:46:46","guid":{"rendered":"https:\/\/www.eba.ufmg.br\/?p=6709"},"modified":"2023-12-12T12:56:50","modified_gmt":"2023-12-12T15:56:50","slug":"1a-semana-de-moda-da-ufmg","status":"publish","type":"post","link":"https:\/\/www.eba.ufmg.br\/index.php\/1a-semana-de-moda-da-ufmg\/2023\/11\/","title":{"rendered":"1\u00aa Semana de Moda da UFMG"},"content":{"rendered":"\r\n<p>&nbsp;<\/p>\r\n<p><em>Texto divulga\u00e7\u00e3o<\/em><img loading=\"lazy\" decoding=\"async\" class=\"wp-image-6726 alignright\" src=\"https:\/\/www.eba.ufmg.br\/wp-content\/uploads\/2023\/11\/IMG_0953-300x217.jpg\" alt=\"\" width=\"759\" height=\"549\" srcset=\"https:\/\/www.eba.ufmg.br\/wp-content\/uploads\/2023\/11\/IMG_0953-300x217.jpg 300w, https:\/\/www.eba.ufmg.br\/wp-content\/uploads\/2023\/11\/IMG_0953-1024x740.jpg 1024w, https:\/\/www.eba.ufmg.br\/wp-content\/uploads\/2023\/11\/IMG_0953-768x555.jpg 768w, https:\/\/www.eba.ufmg.br\/wp-content\/uploads\/2023\/11\/IMG_0953-1536x1110.jpg 1536w, https:\/\/www.eba.ufmg.br\/wp-content\/uploads\/2023\/11\/IMG_0953-2048x1480.jpg 2048w\" sizes=\"auto, (max-width: 759px) 100vw, 759px\" \/><\/p>\r\n<p>Curso de Design de Moda da EBA-UFMG, juntamente com grupo de estudantes, organizam a primeira edi\u00e7\u00e3o do evento que tem como tema \u201cBrasilidades\u201d e congregar\u00e1 palestras, oficinas e exposi\u00e7\u00f5es, de 27.11 a 01.12, al\u00e9m de desfiles nos dias 06 e 07.12.23.<br \/>Com uma trajet\u00f3ria de 13 anos no cen\u00e1rio de ensino superior de moda no estado de Minas Gerais, o Curso de Design de Moda da Escola de Belas Artes da UFMG tem se destacado nos cen\u00e1rios estadual e nacional. E a novidade \u00e9 a realiza\u00e7\u00e3o, em parceria com o grupo de estudantes formado por Fernando Vidulino Moreira, Giovanna Bettio Graciano, J\u00falia Leite da Cunha &amp; Lucas Augusto Rei Borges, da \u201d1\u00aa Semana de Moda da UFMG (1\u00aa SMUFMG)\u201d, evento que prop\u00f5e estabelecer di\u00e1logos\/conex\u00f5es entre processos criativos e reflex\u00f5es te\u00f3ricas entre estudantes, pesquisadores, professores e profissionais do mercado, que ocupar\u00e1 o Audit\u00f3rio B-104 do CAD-3, de 27.11 a 01.12, e o Piscin\u00e3o da EBA, nos dias 06 e 07.12.23. O tema da 1\u00aa SMUFMG \u00e9 \u201cBrasilidades\u201d e decorre do tema \u201cOs V\u00e1rios Brasis\u201d, proposto pelo Prof. Tarcisio D\u2019Almeida aos estudantes para os desenvolvimentos dos processos criativos de suas cole\u00e7\u00f5es para a disciplina \u201cPesquisa de Moda II\u201d, que inspirou o tema da primeira edi\u00e7\u00e3o da SMUFMG.<\/p>\r\n<p>A 1\u00aa SMUFMG visa realizar atividades educativas e expositivas relacionadas ao Curso de Design de Moda da EBA-UFMG. Neste sentido, intenciona estimular o desenvolvimento de atividades de pesquisa, extensa\u0303o e ensino, ale\u0301m de desenvolver um esp\u00edrito cr\u00edtico e empreendedor que colabore com a consolida\u00e7\u00e3o das carreiras dos discentes como criadores do mundo da moda. Portanto, a 1\u00aa SMUFMG se caracteriza como uma oportunidade de promover a democratiza\u00e7\u00e3o do acesso \u00e0 moda &#8211; por meio de a\u00e7\u00f5es abertas ao p\u00fablico -, de viabilizar discuss\u00f5es teo\u0301ricas em torno do tema \u201cBrasilidades\u201d e de proporcionar aos discentes do curso uma forma de divulgac\u0327\u00e3o dos conhecimentos adquiridos.<\/p>\r\n<p><strong>Programa\u00e7\u00e3o<\/strong><br \/>A programa\u00e7\u00e3o da 1\u00aa SMUFMG, que acontecer\u00e1 no CAD-3, contar\u00e1 com palestra de abertura, no dia 27.11, das 15h \u00e0s 18h, da Profa. J\u00falia de Assis. Em seguida, acontecer\u00e1 a vernissage da Exposi\u00e7\u00e3o, das 19h \u00e0s 20h. No dia seguinte, o consultor de moda e Prof. Aldo Cl\u00e9cius ministrar\u00e1 a oficina \u201cInspira\u00e7\u00e3o, Refer\u00eancia e Apropria\u00e7\u00e3o Cultural como Criar Moda Autoral\u201d, programada para ocorrer das 15h \u00e0s 18h. Em seguida, acontecer\u00e1 a palestra \u201cModa nas Redes Sociais e no Mundo Digital\u201d, com Pitayaq, das 19h \u00e0s 22h. Para o dia 29.11, o evento programou a roda de conversa \u201cTranspar\u00eancia da Cadeia de Produ\u00e7\u00e3o da Ind\u00fastria da Moda como Forma de Identifica\u00e7\u00e3o e Conscientiza\u00e7\u00e3o dos Processos Nocivos da Fast Fashion ao Meio Ambiente\u201d, com representantes do Greenpeace e Fashion Revolution, das 15h \u00e0s 18h. Continuando a programa\u00e7\u00e3o, das 19h \u00e0s 22h, ser\u00e1 a vez do stylist Rodrigo Cez\u00e1rio palestrar sobre \u201cModa e ESG no Brasil: Diversidade Cultural e Biodiversidade como Ativos Sustent\u00e1veis\u201d.<br \/>J\u00e1 no dia 30.11, das 15h \u00e0s 18h, o p\u00fablico contar\u00e1 com a palestra \u201cDi\u00e1logos entre Academia e Mercado: Relato de Experi\u00eancia no Desenvolvimento de Figurino em \u2018O Tor\u00f3\u2019 de Shakespeare\u201d, com Yuri Simon da Silveira, Alexandre Colla e Luciano Soares. \u00c0 noite, das 19h \u00e0s 22h, acontecer\u00e1 a oficina \u201cAprendendo sobre a Arte de Bordar em Pedraria\u201d, com Ana Andrade e Guilherme Avelino. E no dia 01.12, das 15h \u00e0s 18h, a Profa. Daise Guimar\u00e3es ministrar\u00e1 a palestra \u201cO Of\u00edcio de Alfaiate: uma Profiss\u00e3o que Resiste \u00e0s Mudan\u00e7as do Tempo e se Caracteriza como uma Promissora \u00c1rea de Atua\u00e7\u00e3o\u201d. E no per\u00edodo da noite, das 19h \u00e0s 22h, acontecer\u00e1 a roda de conversa \u201cDesafios e Realiza\u00e7\u00f5es P\u00f3s-Faculdade\u201d, com os egressos do Curso de Design de Moda da EBAUFMG Danilo Nogueira, N\u00edvia Gomes e Thiago Bonif\u00e1cio.<br \/>E encerrando o evento, nas noites dos dias 06 e 07.12, os estudantes das duas turmas da disciplina \u201cPesquisa de Moda II\u201d apresentar\u00e3o suas cole\u00e7\u00f5es no desfile que tem como tema \u201cOs V\u00e1rios Brasis\u201d, no Piscin\u00e3o da EBA-UFMG, das 19h \u00e0s 22h. \u201cA ideia \u00e9 a partir das diversidades de olhares ampliar as possibilidades inspiracionais nos processos criativos das cole\u00e7\u00f5es\u201d, explica o Prof. Tarcisio D\u2019Almeida.\u00a0<\/p>\r\n<p><br \/>Endere\u00e7o<br \/>Av. Antonio Carlos, 6627<br \/>Pampulha | Belo Horizonte | MG<br \/>31270-901 Brasil<br \/>www.eba.ufmg.br<br \/>designdemoda@eba.ufmg.br<br \/>(031) 3409-5294<\/p>\r\n","protected":false},"excerpt":{"rendered":"<p>&nbsp; Texto divulga\u00e7\u00e3o Curso de Design de Moda da EBA-UFMG, juntamente com grupo de estudantes, organizam a primeira edi\u00e7\u00e3o do evento que tem como tema \u201cBrasilidades\u201d e congregar\u00e1 palestras, oficinas e exposi\u00e7\u00f5es, de 27.11 a 01.12, al\u00e9m de desfiles nos<\/p>\n","protected":false},"author":2,"featured_media":0,"comment_status":"closed","ping_status":"open","sticky":false,"template":"","format":"standard","meta":{"_eb_attr":"","footnotes":""},"categories":[18,1,59],"tags":[],"class_list":["post-6709","post","type-post","status-publish","format-standard","hentry","category-eventos","category-sem-categoria","category-seminarios"],"_links":{"self":[{"href":"https:\/\/www.eba.ufmg.br\/index.php\/wp-json\/wp\/v2\/posts\/6709","targetHints":{"allow":["GET"]}}],"collection":[{"href":"https:\/\/www.eba.ufmg.br\/index.php\/wp-json\/wp\/v2\/posts"}],"about":[{"href":"https:\/\/www.eba.ufmg.br\/index.php\/wp-json\/wp\/v2\/types\/post"}],"author":[{"embeddable":true,"href":"https:\/\/www.eba.ufmg.br\/index.php\/wp-json\/wp\/v2\/users\/2"}],"replies":[{"embeddable":true,"href":"https:\/\/www.eba.ufmg.br\/index.php\/wp-json\/wp\/v2\/comments?post=6709"}],"version-history":[{"count":7,"href":"https:\/\/www.eba.ufmg.br\/index.php\/wp-json\/wp\/v2\/posts\/6709\/revisions"}],"predecessor-version":[{"id":6733,"href":"https:\/\/www.eba.ufmg.br\/index.php\/wp-json\/wp\/v2\/posts\/6709\/revisions\/6733"}],"wp:attachment":[{"href":"https:\/\/www.eba.ufmg.br\/index.php\/wp-json\/wp\/v2\/media?parent=6709"}],"wp:term":[{"taxonomy":"category","embeddable":true,"href":"https:\/\/www.eba.ufmg.br\/index.php\/wp-json\/wp\/v2\/categories?post=6709"},{"taxonomy":"post_tag","embeddable":true,"href":"https:\/\/www.eba.ufmg.br\/index.php\/wp-json\/wp\/v2\/tags?post=6709"}],"curies":[{"name":"wp","href":"https:\/\/api.w.org\/{rel}","templated":true}]}}