{"id":6707,"date":"2023-11-21T19:38:11","date_gmt":"2023-11-21T22:38:11","guid":{"rendered":"https:\/\/www.eba.ufmg.br\/?p=6707"},"modified":"2025-06-16T08:49:43","modified_gmt":"2025-06-16T11:49:43","slug":"1o-festival-interacao-programacao","status":"publish","type":"post","link":"https:\/\/www.eba.ufmg.br\/index.php\/1o-festival-interacao-programacao\/2023\/11\/","title":{"rendered":"1\u00ba Festival Intera\u00e7\u00e3o &#8211; Programa\u00e7\u00e3o"},"content":{"rendered":"\r\n<p>O 1\u00ba Festival Intera\u00e7\u00e3o, promovido pela Escola de Belas Artes e Escola de M\u00fasica, come\u00e7a\u00a0sua programa\u00e7\u00e3o com o espet\u00e1culo <em>Po\u00e9ticas Contempor\u00e2neas: M\u00fasica, Dan\u00e7a e Tecnologia<\/em>, hoje \u00e0s 17:15 no audit\u00f3rio da Escola de M\u00fasica. Confira a programa\u00e7\u00e3o do Festival!<img loading=\"lazy\" decoding=\"async\" class=\"alignnone  wp-image-6710\" src=\"https:\/\/www.eba.ufmg.br\/wp-content\/uploads\/2023\/11\/WhatsApp-Image-2023-11-21-at-18.48.59-212x300.jpeg\" alt=\"\" width=\"1094\" height=\"1548\" srcset=\"https:\/\/www.eba.ufmg.br\/wp-content\/uploads\/2023\/11\/WhatsApp-Image-2023-11-21-at-18.48.59-212x300.jpeg 212w, https:\/\/www.eba.ufmg.br\/wp-content\/uploads\/2023\/11\/WhatsApp-Image-2023-11-21-at-18.48.59-724x1024.jpeg 724w, https:\/\/www.eba.ufmg.br\/wp-content\/uploads\/2023\/11\/WhatsApp-Image-2023-11-21-at-18.48.59-768x1086.jpeg 768w, https:\/\/www.eba.ufmg.br\/wp-content\/uploads\/2023\/11\/WhatsApp-Image-2023-11-21-at-18.48.59.jpeg 905w\" sizes=\"auto, (max-width: 1094px) 100vw, 1094px\" \/><\/p>\r\n","protected":false},"excerpt":{"rendered":"<p>O 1\u00ba Festival Intera\u00e7\u00e3o, promovido pela Escola de Belas Artes e Escola de M\u00fasica, come\u00e7a\u00a0sua programa\u00e7\u00e3o com o espet\u00e1culo Po\u00e9ticas Contempor\u00e2neas: M\u00fasica, Dan\u00e7a e Tecnologia, hoje \u00e0s 17:15 no audit\u00f3rio da Escola de M\u00fasica. Confira a programa\u00e7\u00e3o do Festival!<\/p>\n","protected":false},"author":2,"featured_media":0,"comment_status":"closed","ping_status":"open","sticky":false,"template":"","format":"standard","meta":{"_eb_attr":"","footnotes":""},"categories":[18],"tags":[],"class_list":["post-6707","post","type-post","status-publish","format-standard","hentry","category-eventos"],"_links":{"self":[{"href":"https:\/\/www.eba.ufmg.br\/index.php\/wp-json\/wp\/v2\/posts\/6707","targetHints":{"allow":["GET"]}}],"collection":[{"href":"https:\/\/www.eba.ufmg.br\/index.php\/wp-json\/wp\/v2\/posts"}],"about":[{"href":"https:\/\/www.eba.ufmg.br\/index.php\/wp-json\/wp\/v2\/types\/post"}],"author":[{"embeddable":true,"href":"https:\/\/www.eba.ufmg.br\/index.php\/wp-json\/wp\/v2\/users\/2"}],"replies":[{"embeddable":true,"href":"https:\/\/www.eba.ufmg.br\/index.php\/wp-json\/wp\/v2\/comments?post=6707"}],"version-history":[{"count":5,"href":"https:\/\/www.eba.ufmg.br\/index.php\/wp-json\/wp\/v2\/posts\/6707\/revisions"}],"predecessor-version":[{"id":8705,"href":"https:\/\/www.eba.ufmg.br\/index.php\/wp-json\/wp\/v2\/posts\/6707\/revisions\/8705"}],"wp:attachment":[{"href":"https:\/\/www.eba.ufmg.br\/index.php\/wp-json\/wp\/v2\/media?parent=6707"}],"wp:term":[{"taxonomy":"category","embeddable":true,"href":"https:\/\/www.eba.ufmg.br\/index.php\/wp-json\/wp\/v2\/categories?post=6707"},{"taxonomy":"post_tag","embeddable":true,"href":"https:\/\/www.eba.ufmg.br\/index.php\/wp-json\/wp\/v2\/tags?post=6707"}],"curies":[{"name":"wp","href":"https:\/\/api.w.org\/{rel}","templated":true}]}}