{"id":6238,"date":"2023-07-31T07:39:00","date_gmt":"2023-07-31T10:39:00","guid":{"rendered":"https:\/\/www.eba.ufmg.br\/?p=6238"},"modified":"2023-07-31T07:39:00","modified_gmt":"2023-07-31T10:39:00","slug":"mostra-que-incentiva-a-producao-e-a-pesquisa-cinematografica-na-regiao-baiangoneira-tem-exibicoes-no-centro-cultural-ufmg","status":"publish","type":"post","link":"https:\/\/www.eba.ufmg.br\/index.php\/mostra-que-incentiva-a-producao-e-a-pesquisa-cinematografica-na-regiao-baiangoneira-tem-exibicoes-no-centro-cultural-ufmg\/2023\/07\/","title":{"rendered":"Mostra que incentiva a produ\u00e7\u00e3o e a pesquisa cinematogr\u00e1fica na regi\u00e3o baiangoneira tem exibi\u00e7\u00f5es no Centro Cultural UFMG"},"content":{"rendered":"<p><span style=\"font-size: xx-small; color: #ff0000;\">Texto: Assessoria do Centro Cultural UFMG<\/span><\/p>\n<p><span style=\"font-family: Arial; font-size: medium;\">Nos dias 3, 10, 17 e 31 de agosto de 2023, \u00e0s 19 horas, o Centro Cultural UFMG recebe a exibi\u00e7\u00e3o de curtas-metragens premiados no <\/span><a href=\"https:\/\/cinebaru.com.br\/\" target=\"_blank\" rel=\"noopener\"><b><u><span style=\"color: #0082bf; font-family: Arial; font-size: medium;\">\u2018CineBaru \u2013 Mostra Sagarana de Cinema\u2019<\/span><\/u><\/b><\/a><span style=\"font-family: Arial; font-size: medium;\">, assim como filmes produzidos durante as resid\u00eancias art\u00edsticas em audiovisual do <\/span><a href=\"https:\/\/meucinemanossoterritorio.com.br\/\" target=\"_blank\" rel=\"noopener\"><b><u><span style=\"color: #0082bf; font-family: Arial; font-size: medium;\">\u2018Meu Cinema, Nosso Territ\u00f3rio\u2019<\/span><\/u><\/b><\/a><span style=\"font-family: Arial; font-size: medium;\">.<\/span><\/p>\n<p><span style=\"font-family: Arial; font-size: medium;\">A mostra tem como objetivo estimular a produ\u00e7\u00e3o e a pesquisa cinematogr\u00e1fica na regi\u00e3o baiangoneira \u2013 territ\u00f3rio que abrange os estados da Bahia, Goi\u00e1s, Minas Gerais e o Distrito Federal \u2013 bem como promover a mem\u00f3ria, a diversidade, as tradi\u00e7\u00f5es e as lutas dos povos do sert\u00e3o-cerrado. O evento integra o projeto CineCentro, tem a entrada gratuita e a classifica\u00e7\u00e3o livre.<\/span><\/p>\n<p><span style=\"font-family: Arial; font-size: medium;\">As quatro sess\u00f5es foram estruturadas considerando a necessidade de trazer novos olhares para os seguintes temas: meio ambiente e comunidades tradicionais; mulheres no audiovisual; cinemas negro e ind\u00edgena; cinema, territ\u00f3rio e direitos humanos. Mais de 30 obras retratam aspectos do referido territ\u00f3rio e, a partir do cinema regional, busca-se provocar o pensamento cr\u00edtico e a empatia por essas narrativas sens\u00edveis urgentes. <\/span><\/p>\n<p><b><span style=\"font-family: Arial; font-size: medium;\">Programa\u00e7\u00e3o da mostra:<\/span><\/b><\/p>\n<p><b><span style=\"font-family: Arial; font-size: medium;\">Dia 03\/08\/2023 \u2013 Meio ambiente e comunidades tradicionais<\/span><\/b><\/p>\n<p><b><span style=\"font-family: Arial; font-size: medium;\">Fi de Quem?<\/span><\/b><span style=\"font-family: Arial; font-size: medium;\">\u00a0\u2013 Fic\u00e7\u00e3o | Dire\u00e7\u00e3o: Karla Vaniely<\/span><br \/>\n<b><span style=\"font-family: Arial; font-size: medium;\">A Retirada para um Cora\u00e7\u00e3o Bruto<\/span><\/b><span style=\"font-family: Arial; font-size: medium;\">\u00a0\u2013 Fic\u00e7\u00e3o | Dire\u00e7\u00e3o: Marco Antonio Pereira<\/span><br \/>\n<b><span style=\"font-family: Arial; font-size: medium;\">Aldeia do Cachimbo<\/span><\/b><span style=\"font-family: Arial; font-size: medium;\">\u00a0\u2013 Document\u00e1rio | Dire\u00e7\u00e3o Coletiva<\/span><br \/>\n<b><span style=\"font-family: Arial; font-size: medium;\">Reduto<\/span><\/b><span style=\"font-family: Arial; font-size: medium;\">\u00a0\u2013 Experimental | Dire\u00e7\u00e3o: Michel Santos<\/span><br \/>\n<b><span style=\"font-family: Arial; font-size: medium;\">T\u00f4 Esperando Voc\u00ea Voltar<\/span><\/b><span style=\"font-family: Arial; font-size: medium;\">\u00a0\u2013 Fic\u00e7\u00e3o | Dire\u00e7\u00e3o: Marina Lavarini<\/span><br \/>\n<b><span style=\"font-family: Arial; font-size: medium;\">A Viagem de \u00cdcaro<\/span><\/b><span style=\"font-family: Arial; font-size: medium;\">\u00a0\u2013 Document\u00e1rio | Dire\u00e7\u00e3o: Kaco Olimpio e Larissa Fernandes<\/span><br \/>\n<span style=\"font-family: Arial; font-size: medium;\">Dura\u00e7\u00e3o total dos curtas-metragens: 74 minutos.<\/span><\/p>\n<p><b><span style=\"font-family: Arial; font-size: medium;\">Dia 10\/08\/2023 \u2013 Mulheres no audiovisual<\/span><\/b><\/p>\n<p><b><span style=\"font-family: Arial; font-size: medium;\">Ainda sangro por dentro<\/span><\/b><span style=\"font-family: Arial; font-size: medium;\">\u00a0\u2013 Fic\u00e7\u00e3o | Dire\u00e7\u00e3o: Carlos Segundo<\/span><br \/>\n<b><span style=\"font-family: Arial; font-size: medium;\">Do que aprendi com minhas mais velhas<\/span><\/b><span style=\"font-family: Arial; font-size: medium;\">\u00a0\u2013 Document\u00e1rio | Dire\u00e7\u00e3o: Onisaj\u00e9 e Susan Kalik<\/span><br \/>\n<b><span style=\"font-family: Arial; font-size: medium;\">Motriz<\/span><\/b><span style=\"font-family: Arial; font-size: medium;\">\u00a0\u2013 Document\u00e1rio | Dire\u00e7\u00e3o: Ta\u00eds Amordivino<\/span><br \/>\n<b><span style=\"font-family: Arial; font-size: medium;\">Michele de Michele mesma<\/span><\/b><span style=\"font-family: Arial; font-size: medium;\">\u00a0\u2013 Document\u00e1rio | Dire\u00e7\u00e3o: Michele Menezes<\/span><br \/>\n<b><span style=\"font-family: Arial; font-size: medium;\">Angela<\/span><\/b><span style=\"font-family: Arial; font-size: medium;\">\u00a0\u2013 Fic\u00e7\u00e3o | Dire\u00e7\u00e3o: Mar\u00edlia Nogueira<\/span><br \/>\n<b><span style=\"font-family: Arial; font-size: medium;\">Barro Santo &#8211; M\u00e3o \u00e9 F\u00e9<\/span><\/b><span style=\"font-family: Arial; font-size: medium;\">\u00a0\u2013 Document\u00e1rio | Dire\u00e7\u00e3o: P\u00ea Coelho<\/span><br \/>\n<span style=\"font-family: Arial; font-size: medium;\">Dura\u00e7\u00e3o total dos curtas-metragens: 107 minutos<\/span><\/p>\n<p><b><span style=\"font-family: Arial; font-size: medium;\">Dia 17\/08\/2023 &#8211; Cinemas Negro e Ind\u00edgena<\/span><\/b><\/p>\n<p><b><span style=\"font-family: Arial; font-size: medium;\">Tan\u00e7a<\/span><\/b><span style=\"font-family: Arial; font-size: medium;\">\u00a0\u2013 Document\u00e1rio | Dire\u00e7\u00e3o: Irmandade dos Atores da P\u00e2ndega, Associa\u00e7\u00e3o Quilombola Mato do Ti\u00e7\u00e3o<\/span><br \/>\n<b><span style=\"font-family: Arial; font-size: medium;\">O Bast\u00e3o e o Ros\u00e1rio<\/span><\/b><span style=\"font-family: Arial; font-size: medium;\">\u00a0\u2013 Document\u00e1rio | Dire\u00e7\u00e3o: Ana Lu\u00edsa Cosse<\/span><br \/>\n<b><span style=\"font-family: Arial; font-size: medium;\">Tudo que \u00e9 apertado rasga<\/span><\/b><span style=\"font-family: Arial; font-size: medium;\">\u00a0\u2013 Document\u00e1rio | Dire\u00e7\u00e3o: F\u00e1bio Rodrigues Filho<\/span><br \/>\n<b><span style=\"font-family: Arial; font-size: medium;\">Meia lata D\u2019 \u00e1gua ou Lagarto camuflado<\/span><\/b><span style=\"font-family: Arial; font-size: medium;\">\u00a0\u2013 Document\u00e1rio | Dire\u00e7\u00e3o: Pl\u00ednio Gomes<\/span><br \/>\n<b><span style=\"font-family: Arial; font-size: medium;\">Onde aprendo a falar com o vento<\/span><\/b><span style=\"font-family: Arial; font-size: medium;\">\u00a0\u2013 Document\u00e1rio | Dire\u00e7\u00e3o: Andr\u00e9 Anast\u00e1cio e Victor Dias<\/span><br \/>\n<span style=\"font-family: Arial; font-size: medium;\">Dura\u00e7\u00e3o total dos curtas-metragens: 109 minutos<\/span><\/p>\n<p><b><span style=\"font-family: Arial; font-size: medium;\">Dia 31\/08\/2023 &#8211; Meu Cinema, Nosso Territ\u00f3rio<\/span><\/b><\/p>\n<p><b><span style=\"font-family: Arial; font-size: medium;\">Ser Dan\u00e7ante<\/span><\/b><span style=\"font-family: Arial; font-size: medium;\">\u00a0\u2013 Dir. Leandra Leandro<\/span><br \/>\n<b><span style=\"font-family: Arial; font-size: medium;\">Vaz\u00e3o<\/span><\/b><span style=\"font-family: Arial; font-size: medium;\">\u00a0\u2013 Dire\u00e7\u00e3o: Karla Vaniely<\/span><br \/>\n<b><span style=\"font-family: Arial; font-size: medium;\">Travessia<\/span><\/b><span style=\"font-family: Arial; font-size: medium;\">\u00a0\u2013 Dire\u00e7\u00e3o: Lucas Bois<\/span><br \/>\n<b><span style=\"font-family: Arial; font-size: medium;\">O Melhor Lugar Do Mundo<\/span><\/b><span style=\"font-family: Arial; font-size: medium;\">\u00a0\u2013 Dire\u00e7\u00e3o: Lu\u00eds Xavier<\/span><br \/>\n<b><span style=\"font-family: Arial; font-size: medium;\">Mulambo Eu<\/span><\/b><span style=\"font-family: Arial; font-size: medium;\">\u00a0\u2013 Dire\u00e7\u00e3o: J\u00e9sus Ricardo<\/span><br \/>\n<b><span style=\"font-family: Arial; font-size: medium;\">Chamadas <\/span><\/b><span style=\"font-family: Arial; font-size: medium;\">\u2013 Dire\u00e7\u00e3o: S\u00e2mylla Alves Santos<\/span><br \/>\n<b><span style=\"font-family: Arial; font-size: medium;\">Er\u00ea<\/span><\/b><span style=\"font-family: Arial; font-size: medium;\">\u00a0\u2013 Dire\u00e7\u00e3o: Lucas Campos<\/span><br \/>\n<b><span style=\"font-family: Arial; font-size: medium;\">Folia<\/span><\/b><span style=\"font-family: Arial; font-size: medium;\">\u00a0\u2013 Dire\u00e7\u00e3o: Nan Ferresi<\/span><br \/>\n<b><span style=\"font-family: Arial; font-size: medium;\">Mina<\/span><\/b><span style=\"font-family: Arial; font-size: medium;\">\u00a0\u2013 Dire\u00e7\u00e3o: Gleydson Mota<\/span><br \/>\n<b><span style=\"font-family: Arial; font-size: medium;\">Quem Tem Direito Ao Sil\u00eancio<\/span><\/b><span style=\"font-family: Arial; font-size: medium;\">\u00a0\u2013 Dire\u00e7\u00e3o: Danillo Lisboa<\/span><br \/>\n<b><span style=\"font-family: Arial; font-size: medium;\">Feja<\/span><\/b><span style=\"font-family: Arial; font-size: medium;\">\u00a0\u2013 Dire\u00e7\u00e3o: Rebeca Benchouchan Alto Para\u00edso De Goi\u00e1s<\/span><br \/>\n<b><span style=\"font-family: Arial; font-size: medium;\">.Li<\/span><\/b><span style=\"font-family: Arial; font-size: medium;\">\u00a0\u2013 Dire\u00e7\u00e3o: Fernanda Maia<\/span><br \/>\n<b><span style=\"font-family: Arial; font-size: medium;\">Libert\u00f4<\/span><\/b><span style=\"font-family: Arial; font-size: medium;\">\u00a0\u2013 Dire\u00e7\u00e3o: Ana Cordeiro<\/span><br \/>\n<b><span style=\"font-family: Arial; font-size: medium;\">O Que \u00c9 Saudades<\/span><\/b><span style=\"font-family: Arial; font-size: medium;\">\u00a0\u2013 Dire\u00e7\u00e3o: Uriel Filipe Marques Silva<\/span><br \/>\n<b><span style=\"font-family: Arial; font-size: medium;\">Deriva<\/span><\/b><span style=\"font-family: Arial; font-size: medium;\">\u00a0\u2013 Dire\u00e7\u00e3o: <\/span><span style=\"font-family: Arial; font-size: medium;\">Elivelton Ferreira Tomaz, Joa\u00deo Gabriel Coura De Marins, Keila Moraes Rodrigues, Layane Farias Almeida E Maria Clara De Almeida Costa<\/span><br \/>\n<b><span style=\"font-family: Arial; font-size: medium;\">Andarina &#8211; Por Uma Terra Inventada<\/span><\/b><span style=\"font-family: Arial; font-size: medium;\">\u00a0&#8211; Dire\u00e7\u00e3o: Isabella Atayde Henrique, Maria Miranda, Simone Veloso e Diego Zanotti (MG)<\/span><br \/>\n<span style=\"font-family: Arial; font-size: medium;\">Dura\u00e7\u00e3o total dos curtas-metragens: 41 minutos<\/span><\/p>\n<p><span style=\"font-family: Arial; font-size: medium;\">O <\/span><b><span style=\"font-family: Arial; font-size: medium;\">CineBaru \u2013 Mostra Sagarana de Cinema<\/span><\/b><span style=\"font-family: Arial; font-size: medium;\">\u00a0celebra a mem\u00f3ria, a diversidade, as interfaces socioambientais, as tradi\u00e7\u00f5es e as lutas dos povos do sert\u00e3o-cerrado. \u00c9 o maior festival de cinema do noroeste mineiro, que neste ano chega a sua s\u00e9tima edi\u00e7\u00e3o, ocupando a Vila de Sagarana, munic\u00edpio de Arinos, em Minas Gerais. Durante esses anos de atividade foram exibidos mais de 200 filmes.<\/span><\/p>\n<p><span style=\"font-family: Arial; font-size: medium;\">O <\/span><b><span style=\"font-family: Arial; font-size: medium;\">Meu Cinema, Nosso Territ\u00f3rio <\/span><\/b><span style=\"font-family: Arial; font-size: medium;\">surgiu em 2021 como um bra\u00e7o formativo do CineBaru, dedicado a realizar oficinas virtuais e resid\u00eancias art\u00edsticas com o objetivo de formar novos realizadores audiovisuais e estimular a produ\u00e7\u00e3o cinematogr\u00e1fica local. Sua miss\u00e3o \u00e9 trazer um olhar sens\u00edvel para os territ\u00f3rios a partir dos direitos humanos, priorizando temas como tradi\u00e7\u00e3o, cidade e sert\u00e3o, mulheres no sert\u00e3o, meio ambiente e cinema, e ativismo.<\/span><\/p>\n<p><b><span style=\"font-family: Arial; font-size: medium;\">CineBaru \u2013 Mostra Sagarana de Cinema e Meu Cinema, Nosso Territ\u00f3rio<\/span><\/b><br \/>\n<span style=\"font-family: Arial; font-size: medium;\">Datas: 3, 10, 17 e 31 de agosto de 2023 (quintas-feiras)<\/span><br \/>\n<span style=\"font-family: Arial; font-size: medium;\">Hor\u00e1rio: 19 horas<\/span><br \/>\n<span style=\"font-family: Arial; font-size: medium;\">Local: audit\u00f3rio do Centro Cultural UFMG<\/span><br \/>\n<span style=\"font-family: Arial; font-size: medium;\">Classifica\u00e7\u00e3o indicativa: livre<\/span><br \/>\n<span style=\"font-family: Arial; font-size: medium;\">Entrada gratuita<\/span><\/p>\n","protected":false},"excerpt":{"rendered":"<p>Texto: Assessoria do Centro Cultural UFMG Nos dias 3, 10, 17 e 31 de agosto de 2023, \u00e0s 19 horas, o Centro Cultural UFMG recebe a exibi\u00e7\u00e3o de curtas-metragens premiados no \u2018CineBaru \u2013 Mostra Sagarana de Cinema\u2019, assim como filmes<\/p>\n","protected":false},"author":5,"featured_media":0,"comment_status":"closed","ping_status":"open","sticky":false,"template":"","format":"standard","meta":{"_eb_attr":"","footnotes":""},"categories":[1],"tags":[],"class_list":["post-6238","post","type-post","status-publish","format-standard","hentry","category-sem-categoria"],"_links":{"self":[{"href":"https:\/\/www.eba.ufmg.br\/index.php\/wp-json\/wp\/v2\/posts\/6238","targetHints":{"allow":["GET"]}}],"collection":[{"href":"https:\/\/www.eba.ufmg.br\/index.php\/wp-json\/wp\/v2\/posts"}],"about":[{"href":"https:\/\/www.eba.ufmg.br\/index.php\/wp-json\/wp\/v2\/types\/post"}],"author":[{"embeddable":true,"href":"https:\/\/www.eba.ufmg.br\/index.php\/wp-json\/wp\/v2\/users\/5"}],"replies":[{"embeddable":true,"href":"https:\/\/www.eba.ufmg.br\/index.php\/wp-json\/wp\/v2\/comments?post=6238"}],"version-history":[{"count":1,"href":"https:\/\/www.eba.ufmg.br\/index.php\/wp-json\/wp\/v2\/posts\/6238\/revisions"}],"predecessor-version":[{"id":6239,"href":"https:\/\/www.eba.ufmg.br\/index.php\/wp-json\/wp\/v2\/posts\/6238\/revisions\/6239"}],"wp:attachment":[{"href":"https:\/\/www.eba.ufmg.br\/index.php\/wp-json\/wp\/v2\/media?parent=6238"}],"wp:term":[{"taxonomy":"category","embeddable":true,"href":"https:\/\/www.eba.ufmg.br\/index.php\/wp-json\/wp\/v2\/categories?post=6238"},{"taxonomy":"post_tag","embeddable":true,"href":"https:\/\/www.eba.ufmg.br\/index.php\/wp-json\/wp\/v2\/tags?post=6238"}],"curies":[{"name":"wp","href":"https:\/\/api.w.org\/{rel}","templated":true}]}}