{"id":6082,"date":"2023-06-22T10:55:45","date_gmt":"2023-06-22T13:55:45","guid":{"rendered":"https:\/\/www.eba.ufmg.br\/?p=6082"},"modified":"2023-06-22T11:04:10","modified_gmt":"2023-06-22T14:04:10","slug":"bumba-eba-dia-05-07","status":"publish","type":"post","link":"https:\/\/www.eba.ufmg.br\/index.php\/bumba-eba-dia-05-07\/2023\/06\/","title":{"rendered":"Bumba EBA! Dia 05\/07"},"content":{"rendered":"<p>O &#8220;<em>Bumba, EBA!&#8221; <\/em>\u00e9 o encontro art\u00edstico acad\u00eamico festivo da comunidade da EBA-UFMG com interven\u00e7\u00f5es c\u00eanicas da disciplina Oficina de Improvisa\u00e7\u00e3o I (Gradua\u00e7\u00e3o em Teatro), com o <em>Bumba, Teatro!<\/em> (cortejo inspirado no Bumba-meu-boi) e\u00a0improvisos de atua\u00e7\u00e3o com m\u00e1scaras em performances de teatro de feira, festejo lustral e quadrilha junina inclusiva.<\/p>\r\n<p><strong>CONVITE<\/strong><\/p>\r\n<p><span style=\"font-weight: 400;\">Venha aos ensaios da Quadrilha Inclusiva nos dias 26\/6 e 03\/07,\u00a0 \u00e0s 18h. Traga sua (s) parceria (s) para a brincadeira.<\/span><br style=\"font-weight: 400;\" \/><span style=\"font-weight: 400;\">Local: Sala Verde (Teatro)<img loading=\"lazy\" decoding=\"async\" class=\"size-large wp-image-6085 alignleft\" src=\"https:\/\/www.eba.ufmg.br\/wp-content\/uploads\/2023\/06\/WhatsApp-Image-2023-06-22-at-10.36.39-1024x1024.jpeg\" alt=\"\" width=\"720\" height=\"720\" srcset=\"https:\/\/www.eba.ufmg.br\/wp-content\/uploads\/2023\/06\/WhatsApp-Image-2023-06-22-at-10.36.39-1024x1024.jpeg 1024w, https:\/\/www.eba.ufmg.br\/wp-content\/uploads\/2023\/06\/WhatsApp-Image-2023-06-22-at-10.36.39-300x300.jpeg 300w, https:\/\/www.eba.ufmg.br\/wp-content\/uploads\/2023\/06\/WhatsApp-Image-2023-06-22-at-10.36.39-150x150.jpeg 150w, https:\/\/www.eba.ufmg.br\/wp-content\/uploads\/2023\/06\/WhatsApp-Image-2023-06-22-at-10.36.39-768x768.jpeg 768w, https:\/\/www.eba.ufmg.br\/wp-content\/uploads\/2023\/06\/WhatsApp-Image-2023-06-22-at-10.36.39-230x230.jpeg 230w, https:\/\/www.eba.ufmg.br\/wp-content\/uploads\/2023\/06\/WhatsApp-Image-2023-06-22-at-10.36.39-365x365.jpeg 365w, https:\/\/www.eba.ufmg.br\/wp-content\/uploads\/2023\/06\/WhatsApp-Image-2023-06-22-at-10.36.39.jpeg 1080w\" sizes=\"auto, (max-width: 720px) 100vw, 720px\" \/><\/span><br style=\"font-weight: 400;\" \/><span style=\"font-weight: 400;\">A brincadeira da Quadrilha Inclusiva acontecer\u00e1 no dia 05\/07, entre 18:30 e 19:30h, na rua do pr\u00e9dio Anexo do Teatro.\u00a0<\/span><br style=\"font-weight: 400;\" \/><span style=\"font-weight: 400;\">Incentivamos as pessoas participantes a virem no dia 05\/07 com roupas e caracteriza\u00e7\u00f5es inspiradas no festejo da Quadrilha junina.<\/span><\/p>\r\n<p style=\"font-weight: 400;\">Coordena\u00e7\u00e3o da Quadrilha Inclusiva: L\u00edvia Esp\u00edrito Santo (Doutoranda PPGArtes-Artes da Cena\/Dan\u00e7a) e Carlos Fernandes. Apoio: Gabriel Coupe (Graduando em Teatro)<\/p>\r\n<p style=\"font-weight: 400;\">Idealiza\u00e7\u00e3o e coordena\u00e7\u00e3o geral\u00a0<em>Bumba, EBA!<\/em>: Bya Braga (Professora &#8211; Departamento de Artes C\u00eanicas-EBA-UFMG\/Grupo LAPA UFMG)<\/p>\r\n<p>&nbsp;<\/p>\r\n","protected":false},"excerpt":{"rendered":"<p>O &#8220;Bumba, EBA!&#8221; \u00e9 o encontro art\u00edstico acad\u00eamico festivo da comunidade da EBA-UFMG com interven\u00e7\u00f5es c\u00eanicas da disciplina Oficina de Improvisa\u00e7\u00e3o I (Gradua\u00e7\u00e3o em Teatro), com o Bumba, Teatro! (cortejo inspirado no Bumba-meu-boi) e\u00a0improvisos de atua\u00e7\u00e3o com m\u00e1scaras em performances<\/p>\n","protected":false},"author":6,"featured_media":0,"comment_status":"closed","ping_status":"open","sticky":false,"template":"","format":"standard","meta":{"_eb_attr":"","footnotes":""},"categories":[18,57,1],"tags":[],"class_list":["post-6082","post","type-post","status-publish","format-standard","hentry","category-eventos","category-pecas-de-teatro","category-sem-categoria"],"_links":{"self":[{"href":"https:\/\/www.eba.ufmg.br\/index.php\/wp-json\/wp\/v2\/posts\/6082","targetHints":{"allow":["GET"]}}],"collection":[{"href":"https:\/\/www.eba.ufmg.br\/index.php\/wp-json\/wp\/v2\/posts"}],"about":[{"href":"https:\/\/www.eba.ufmg.br\/index.php\/wp-json\/wp\/v2\/types\/post"}],"author":[{"embeddable":true,"href":"https:\/\/www.eba.ufmg.br\/index.php\/wp-json\/wp\/v2\/users\/6"}],"replies":[{"embeddable":true,"href":"https:\/\/www.eba.ufmg.br\/index.php\/wp-json\/wp\/v2\/comments?post=6082"}],"version-history":[{"count":7,"href":"https:\/\/www.eba.ufmg.br\/index.php\/wp-json\/wp\/v2\/posts\/6082\/revisions"}],"predecessor-version":[{"id":6095,"href":"https:\/\/www.eba.ufmg.br\/index.php\/wp-json\/wp\/v2\/posts\/6082\/revisions\/6095"}],"wp:attachment":[{"href":"https:\/\/www.eba.ufmg.br\/index.php\/wp-json\/wp\/v2\/media?parent=6082"}],"wp:term":[{"taxonomy":"category","embeddable":true,"href":"https:\/\/www.eba.ufmg.br\/index.php\/wp-json\/wp\/v2\/categories?post=6082"},{"taxonomy":"post_tag","embeddable":true,"href":"https:\/\/www.eba.ufmg.br\/index.php\/wp-json\/wp\/v2\/tags?post=6082"}],"curies":[{"name":"wp","href":"https:\/\/api.w.org\/{rel}","templated":true}]}}