{"id":5761,"date":"2023-05-11T15:09:53","date_gmt":"2023-05-11T18:09:53","guid":{"rendered":"https:\/\/www.eba.ufmg.br\/?p=5761"},"modified":"2023-05-18T16:18:14","modified_gmt":"2023-05-18T19:18:14","slug":"__trashed","status":"publish","type":"post","link":"https:\/\/www.eba.ufmg.br\/index.php\/__trashed\/2023\/05\/","title":{"rendered":"PRONCOV\u00d4 &#8211; Show C\u00eanico no Piscin\u00e3o"},"content":{"rendered":"\r\n<p><span style=\"color: #ff0000; font-size: xx-small;\">Texto: Divulga\u00e7\u00e3o<\/span><\/p>\r\n<p style=\"text-align: right;\">\u201cTodo artista tem de ir aonde o povo est\u00e1<br \/>Se for assim, assim ser\u00e1\u201d<br \/>Milton Nascimento<\/p>\r\n<p>Um show po\u00e9tico musical que, celebrando a arte do caminhar, seguir em frente e estar na estrada, prop\u00f5e uma homenagem ao artista mambembe, ao andarilho e \u00e0 voca\u00e7\u00e3o n\u00f4made do artista, que parte sempre em busca de seu p\u00fablico.<img loading=\"lazy\" decoding=\"async\" class=\"size-full wp-image-5799 alignleft\" src=\"https:\/\/www.eba.ufmg.br\/wp-content\/uploads\/2023\/05\/IMG-20230511-WA0018.jpg\" alt=\"\" width=\"1024\" height=\"1021\" srcset=\"https:\/\/www.eba.ufmg.br\/wp-content\/uploads\/2023\/05\/IMG-20230511-WA0018.jpg 1024w, https:\/\/www.eba.ufmg.br\/wp-content\/uploads\/2023\/05\/IMG-20230511-WA0018-300x300.jpg 300w, https:\/\/www.eba.ufmg.br\/wp-content\/uploads\/2023\/05\/IMG-20230511-WA0018-150x150.jpg 150w, https:\/\/www.eba.ufmg.br\/wp-content\/uploads\/2023\/05\/IMG-20230511-WA0018-768x766.jpg 768w, https:\/\/www.eba.ufmg.br\/wp-content\/uploads\/2023\/05\/IMG-20230511-WA0018-230x230.jpg 230w, https:\/\/www.eba.ufmg.br\/wp-content\/uploads\/2023\/05\/IMG-20230511-WA0018-365x365.jpg 365w\" sizes=\"auto, (max-width: 1024px) 100vw, 1024px\" \/><\/p>\r\n<p>Com composi\u00e7\u00f5es autorais que se juntam a algumas m\u00fasicas bem conhecidas, Proncov\u00f4 convida o p\u00fablico pra um encontro em que a emo\u00e7\u00e3o fala mais alto.<br \/>Escrito e dirigido por Eduardo Moreira, o roteiro traz Laura de Castro e Z\u00e9 Motta tocando, cantando e recitando textos e poemas que festejam temas como a chegada e a partida, o sonho, a caminhada em suas diferentes modalidades e tramas e a necessidade de, apesar de todos os percal\u00e7os e dificuldades, segui r sempre em frente com a nossa arte.<\/p>\r\n<p>PRONCOV\u00d4 belo horizonte &#8211; MG 2023<br \/>FICHA T\u00c9CNICA<br \/>Concep\u00e7\u00e3o, Dire\u00e7\u00e3o Geral e e Interpreta\u00e7\u00e3o &#8211; Laura de Castro e Z\u00e9 Motta<br \/>Dire\u00e7\u00e3o Art\u00edstica &#8211; Eduardo Moreira<br \/>Dire\u00e7\u00e3o Musical \u2013 S\u00e9rgio Perer\u00ea<br \/>Figurino &#8211; Carlos Mach<br \/>Maquiagem &#8211; Cidoca Nogueira<br \/>Design &#8211; Lara Fuke<br \/>Dire\u00e7\u00e3o de produ\u00e7\u00e3o &#8211; Jacqueline de Castro (Lazuli Cultura)<br \/>Log\u00edstica e Produ\u00e7\u00e3o Executiva &#8211; Merry Couto (Lazuli Cultura)<br \/>Comunica\u00e7\u00e3o \u2013 F\u00e1bio Gomide e Soraya Belusi (A Dupla Comunica\u00e7\u00e3o)<\/p>\r\n<p>&nbsp;<\/p>\r\n","protected":false},"excerpt":{"rendered":"<p>Texto: Divulga\u00e7\u00e3o \u201cTodo artista tem de ir aonde o povo est\u00e1Se for assim, assim ser\u00e1\u201dMilton Nascimento Um show po\u00e9tico musical que, celebrando a arte do caminhar, seguir em frente e estar na estrada, prop\u00f5e uma homenagem ao artista mambembe, ao<\/p>\n","protected":false},"author":6,"featured_media":0,"comment_status":"closed","ping_status":"open","sticky":false,"template":"","format":"standard","meta":{"_eb_attr":"","footnotes":""},"categories":[18,12,1],"tags":[],"class_list":["post-5761","post","type-post","status-publish","format-standard","hentry","category-eventos","category-noticias","category-sem-categoria"],"_links":{"self":[{"href":"https:\/\/www.eba.ufmg.br\/index.php\/wp-json\/wp\/v2\/posts\/5761","targetHints":{"allow":["GET"]}}],"collection":[{"href":"https:\/\/www.eba.ufmg.br\/index.php\/wp-json\/wp\/v2\/posts"}],"about":[{"href":"https:\/\/www.eba.ufmg.br\/index.php\/wp-json\/wp\/v2\/types\/post"}],"author":[{"embeddable":true,"href":"https:\/\/www.eba.ufmg.br\/index.php\/wp-json\/wp\/v2\/users\/6"}],"replies":[{"embeddable":true,"href":"https:\/\/www.eba.ufmg.br\/index.php\/wp-json\/wp\/v2\/comments?post=5761"}],"version-history":[{"count":3,"href":"https:\/\/www.eba.ufmg.br\/index.php\/wp-json\/wp\/v2\/posts\/5761\/revisions"}],"predecessor-version":[{"id":5800,"href":"https:\/\/www.eba.ufmg.br\/index.php\/wp-json\/wp\/v2\/posts\/5761\/revisions\/5800"}],"wp:attachment":[{"href":"https:\/\/www.eba.ufmg.br\/index.php\/wp-json\/wp\/v2\/media?parent=5761"}],"wp:term":[{"taxonomy":"category","embeddable":true,"href":"https:\/\/www.eba.ufmg.br\/index.php\/wp-json\/wp\/v2\/categories?post=5761"},{"taxonomy":"post_tag","embeddable":true,"href":"https:\/\/www.eba.ufmg.br\/index.php\/wp-json\/wp\/v2\/tags?post=5761"}],"curies":[{"name":"wp","href":"https:\/\/api.w.org\/{rel}","templated":true}]}}