{"id":5693,"date":"2023-04-20T16:52:56","date_gmt":"2023-04-20T19:52:56","guid":{"rendered":"https:\/\/www.eba.ufmg.br\/?p=5693"},"modified":"2023-04-20T16:52:56","modified_gmt":"2023-04-20T19:52:56","slug":"1o-coloquio-npgau","status":"publish","type":"post","link":"https:\/\/www.eba.ufmg.br\/index.php\/1o-coloquio-npgau\/2023\/04\/","title":{"rendered":"1\u00ba COL\u00d3QUIO NPGAU"},"content":{"rendered":"\r\n<p><span style=\"color: #ff0000; font-size: xx-small;\">Texto: Erick Silva\u00a0<\/span><br \/>Venha participar do 1\u00ba COL\u00d3QUIO NPGAU<br \/>dos dias 26 a 28 de abril<img loading=\"lazy\" decoding=\"async\" class=\"size-large wp-image-5698 alignleft\" src=\"https:\/\/www.eba.ufmg.br\/wp-content\/uploads\/2023\/04\/1-6-1024x1024.png\" alt=\"\" width=\"720\" height=\"720\" srcset=\"https:\/\/www.eba.ufmg.br\/wp-content\/uploads\/2023\/04\/1-6-1024x1024.png 1024w, https:\/\/www.eba.ufmg.br\/wp-content\/uploads\/2023\/04\/1-6-300x300.png 300w, https:\/\/www.eba.ufmg.br\/wp-content\/uploads\/2023\/04\/1-6-150x150.png 150w, https:\/\/www.eba.ufmg.br\/wp-content\/uploads\/2023\/04\/1-6-768x768.png 768w, https:\/\/www.eba.ufmg.br\/wp-content\/uploads\/2023\/04\/1-6-230x230.png 230w, https:\/\/www.eba.ufmg.br\/wp-content\/uploads\/2023\/04\/1-6-365x365.png 365w, https:\/\/www.eba.ufmg.br\/wp-content\/uploads\/2023\/04\/1-6.png 1080w\" sizes=\"auto, (max-width: 720px) 100vw, 720px\" \/><br \/>Com a participa\u00e7\u00e3o da prof. Patri\u0301cia Huchet (DDES) no dia 27\/04 \u00e0s 14 horas no Audito\u0301rio da Escola de Arquitetura <br \/>Um ciclo de palestras e debates acerca do tema da sensibilidade criativa e suas possibilidades propositivas. Procurando ampliar o debate, contamos com pesquisadores de artes visuais, filosofia e literatura, tentando encontrar intercesso\u0303es e similaridades entre as artes. Perguntamos, sobretudo, pela atualidade cri\u0301tica do conceito de sensibilidade e seu potencial renovador em um cena\u0301rio internacional cada vez mais reificado.<img loading=\"lazy\" decoding=\"async\" class=\"wp-image-5700 alignright\" src=\"https:\/\/www.eba.ufmg.br\/wp-content\/uploads\/2023\/04\/2-7-1024x1024.png\" alt=\"\" width=\"376\" height=\"376\" srcset=\"https:\/\/www.eba.ufmg.br\/wp-content\/uploads\/2023\/04\/2-7-1024x1024.png 1024w, https:\/\/www.eba.ufmg.br\/wp-content\/uploads\/2023\/04\/2-7-300x300.png 300w, https:\/\/www.eba.ufmg.br\/wp-content\/uploads\/2023\/04\/2-7-150x150.png 150w, https:\/\/www.eba.ufmg.br\/wp-content\/uploads\/2023\/04\/2-7-768x768.png 768w, https:\/\/www.eba.ufmg.br\/wp-content\/uploads\/2023\/04\/2-7-230x230.png 230w, https:\/\/www.eba.ufmg.br\/wp-content\/uploads\/2023\/04\/2-7-365x365.png 365w, https:\/\/www.eba.ufmg.br\/wp-content\/uploads\/2023\/04\/2-7.png 1080w\" sizes=\"auto, (max-width: 376px) 100vw, 376px\" \/><br \/>De cunho fenomenolo\u0301gico, a indagac\u0327a\u0303o que move a proposta pergunta sempre pela relac\u0327a\u0303o humana com o mundo e o sentido.<br \/><a href=\"https:\/\/sites.arq.ufmg.br\/ea\/1o-coloquio-npgau\/\">https:\/\/sites.arq.ufmg.br\/ea\/1o-coloquio-npgau\/<\/a><br \/><a href=\"https:\/\/ufmg.br\/storage\/d\/0\/6\/7\/d06739eaac58892419ea02d842d256ed_16811533838881_788797809.pdf\">https:\/\/ufmg.br\/storage\/d\/0\/6\/7\/d06739eaac58892419ea02d842d256ed_16811533838881_788797809.pdf<\/a><\/p>\r\n","protected":false},"excerpt":{"rendered":"<p>Texto: Erick Silva\u00a0Venha participar do 1\u00ba COL\u00d3QUIO NPGAUdos dias 26 a 28 de abrilCom a participa\u00e7\u00e3o da prof. Patri\u0301cia Huchet (DDES) no dia 27\/04 \u00e0s 14 horas no Audito\u0301rio da Escola de Arquitetura Um ciclo de palestras e debates acerca<\/p>\n","protected":false},"author":6,"featured_media":0,"comment_status":"closed","ping_status":"open","sticky":false,"template":"","format":"standard","meta":{"_eb_attr":"","footnotes":""},"categories":[18,68,1,59],"tags":[],"class_list":["post-5693","post","type-post","status-publish","format-standard","hentry","category-eventos","category-foruns","category-sem-categoria","category-seminarios"],"_links":{"self":[{"href":"https:\/\/www.eba.ufmg.br\/index.php\/wp-json\/wp\/v2\/posts\/5693","targetHints":{"allow":["GET"]}}],"collection":[{"href":"https:\/\/www.eba.ufmg.br\/index.php\/wp-json\/wp\/v2\/posts"}],"about":[{"href":"https:\/\/www.eba.ufmg.br\/index.php\/wp-json\/wp\/v2\/types\/post"}],"author":[{"embeddable":true,"href":"https:\/\/www.eba.ufmg.br\/index.php\/wp-json\/wp\/v2\/users\/6"}],"replies":[{"embeddable":true,"href":"https:\/\/www.eba.ufmg.br\/index.php\/wp-json\/wp\/v2\/comments?post=5693"}],"version-history":[{"count":4,"href":"https:\/\/www.eba.ufmg.br\/index.php\/wp-json\/wp\/v2\/posts\/5693\/revisions"}],"predecessor-version":[{"id":5702,"href":"https:\/\/www.eba.ufmg.br\/index.php\/wp-json\/wp\/v2\/posts\/5693\/revisions\/5702"}],"wp:attachment":[{"href":"https:\/\/www.eba.ufmg.br\/index.php\/wp-json\/wp\/v2\/media?parent=5693"}],"wp:term":[{"taxonomy":"category","embeddable":true,"href":"https:\/\/www.eba.ufmg.br\/index.php\/wp-json\/wp\/v2\/categories?post=5693"},{"taxonomy":"post_tag","embeddable":true,"href":"https:\/\/www.eba.ufmg.br\/index.php\/wp-json\/wp\/v2\/tags?post=5693"}],"curies":[{"name":"wp","href":"https:\/\/api.w.org\/{rel}","templated":true}]}}