{"id":5474,"date":"2023-03-14T13:07:33","date_gmt":"2023-03-14T16:07:33","guid":{"rendered":"https:\/\/www.eba.ufmg.br\/?p=5474"},"modified":"2023-03-14T13:07:33","modified_gmt":"2023-03-14T16:07:33","slug":"festival-de-fotografia-de-tiradentes-reune-trabalhos-da-ufmg","status":"publish","type":"post","link":"https:\/\/www.eba.ufmg.br\/index.php\/festival-de-fotografia-de-tiradentes-reune-trabalhos-da-ufmg\/2023\/03\/","title":{"rendered":"Festival de Fotografia de Tiradentes re\u00fane trabalhos da UFMG"},"content":{"rendered":"<p><span style=\"color: #ff0000; font-size: xx-small;\">Texto: Assessoria de Imprensa da UFMG<\/span><\/p>\n<p>No pr\u00f3ximo dia 15 de mar\u00e7o, \u00e0s 19h, ser\u00e1 inaugurada a exposi\u00e7\u00e3o <i>Sob o mesmo c\u00e9u<\/i>, no Quatro Cantos Espa\u00e7o Cultural, Tiradentes. A mostra re\u00fane trabalhos em fotografia desenvolvidos no \u00e2mbito da Escola de Belas Artes (EBA) da UFMG. O evento, gratuito e aberto ao p\u00fablico, integra a 12\u00aa edi\u00e7\u00e3o do Festival de Fotografia de Tiradentes, que ocorre do dia 15 a 19 de mar\u00e7o.<\/p>\n<p><i>Sob o mesmo c\u00e9u<\/i> tem curadoria dos professores Anna Karina Bartolomeu e Eduardo Queiroga, da EBA, e Eduardo de Jesus, da Faculdade de Filosofia e Ci\u00eancias Humanas (Fafich). Para a exposi\u00e7\u00e3o, foram selecionados 25 trabalhos de 72 inscritos em uma convocat\u00f3ria aberta em janeiro. As fotografias podem ser vistas de ter\u00e7a a domingo, das 10h \u00e0s 21h, at\u00e9 30 de abril.<\/p>\n<p>O foco da mostra est\u00e1 nos diferentes formatos, procedimentos, modos de figura\u00e7\u00e3o e possibilidades de articula\u00e7\u00e3o da fotografia com outras linguagens. &#8220;A sele\u00e7\u00e3o apresentada na exposi\u00e7\u00e3o buscou, nas imagens, caminhos e pot\u00eancias em di\u00e1logo com a produ\u00e7\u00e3o art\u00edstica contempor\u00e2nea&#8221;, informa o texto da curadoria.<\/p>\n<p>No mesmo local, dia 18, \u00e0s 16h, haver\u00e1 um bate-papo com os curadores e participantes da exposi\u00e7\u00e3o. A realiza\u00e7\u00e3o \u00e9 do grupo N\u2019Foto (EBA-UFMG), do Campus Cultural UFMG em Tiradentes e da Funda\u00e7\u00e3o Rodrigo Mello Franco de Andrade.<\/p>\n<p><b>UFMG em Tiradentes<\/b><\/p>\n<p>A Universidade est\u00e1 presente no Festival de Fotografia desde suas primeiras edi\u00e7\u00f5es por meio do Campus Cultural UFMG em Tiradentes e da Funda\u00e7\u00e3o Rodrigo Mello Franco de Andrade. Desde 2015, com a proposta de uma programa\u00e7\u00e3o integrada \u00e0 do Festival, a parceria se consolidou, envolvendo alunos e professores da Universidade.<\/p>\n<p>J\u00e1 participaram do festival os fot\u00f3grafos Dirceu Mau\u00e9s, Alexandre Sequeira e Marilene Ribeiro, ex-alunos da UFMG. Ganharam itiner\u00e2ncia em Tiradentes exposi\u00e7\u00f5es do Espa\u00e7o f da EBA, que \u00e9 coordenado pelo professor Adolfo Cifuentes, integrante do grupo Al-Qu\u00edmicos, presente na exposi\u00e7\u00e3o <i>Sob o mesmo c\u00e9u<\/i>. Outro evento que fez parte da programa\u00e7\u00e3o foi a confer\u00eancia realizada pelo professor da EBA Amir Brito Cad\u00f4r sobre a Cole\u00e7\u00e3o Livro de Artista da UFMG, maior acervo p\u00fablico nesta categoria da Am\u00e9rica Latina.<\/p>\n<p>A programa\u00e7\u00e3o do festival \u00e9 gratuita. Est\u00e3o previstas palestras, exposi\u00e7\u00f5es, workshops, debates, proje\u00e7\u00f5es de fotografias, mostra de portf\u00f3lios, lan\u00e7amentos de livros e atividades educativas voltadas para a comunidade local. Os fotolivros desta edi\u00e7\u00e3o podem ser adquiridos no site do evento.<\/p>\n","protected":false},"excerpt":{"rendered":"<p>Texto: Assessoria de Imprensa da UFMG No pr\u00f3ximo dia 15 de mar\u00e7o, \u00e0s 19h, ser\u00e1 inaugurada a exposi\u00e7\u00e3o Sob o mesmo c\u00e9u, no Quatro Cantos Espa\u00e7o Cultural, Tiradentes. A mostra re\u00fane trabalhos em fotografia desenvolvidos no \u00e2mbito da Escola de<\/p>\n","protected":false},"author":1,"featured_media":0,"comment_status":"closed","ping_status":"open","sticky":false,"template":"","format":"standard","meta":{"_eb_attr":"","footnotes":""},"categories":[1],"tags":[],"class_list":["post-5474","post","type-post","status-publish","format-standard","hentry","category-sem-categoria"],"_links":{"self":[{"href":"https:\/\/www.eba.ufmg.br\/index.php\/wp-json\/wp\/v2\/posts\/5474","targetHints":{"allow":["GET"]}}],"collection":[{"href":"https:\/\/www.eba.ufmg.br\/index.php\/wp-json\/wp\/v2\/posts"}],"about":[{"href":"https:\/\/www.eba.ufmg.br\/index.php\/wp-json\/wp\/v2\/types\/post"}],"author":[{"embeddable":true,"href":"https:\/\/www.eba.ufmg.br\/index.php\/wp-json\/wp\/v2\/users\/1"}],"replies":[{"embeddable":true,"href":"https:\/\/www.eba.ufmg.br\/index.php\/wp-json\/wp\/v2\/comments?post=5474"}],"version-history":[{"count":1,"href":"https:\/\/www.eba.ufmg.br\/index.php\/wp-json\/wp\/v2\/posts\/5474\/revisions"}],"predecessor-version":[{"id":5475,"href":"https:\/\/www.eba.ufmg.br\/index.php\/wp-json\/wp\/v2\/posts\/5474\/revisions\/5475"}],"wp:attachment":[{"href":"https:\/\/www.eba.ufmg.br\/index.php\/wp-json\/wp\/v2\/media?parent=5474"}],"wp:term":[{"taxonomy":"category","embeddable":true,"href":"https:\/\/www.eba.ufmg.br\/index.php\/wp-json\/wp\/v2\/categories?post=5474"},{"taxonomy":"post_tag","embeddable":true,"href":"https:\/\/www.eba.ufmg.br\/index.php\/wp-json\/wp\/v2\/tags?post=5474"}],"curies":[{"name":"wp","href":"https:\/\/api.w.org\/{rel}","templated":true}]}}