{"id":3917,"date":"2021-07-26T16:36:54","date_gmt":"2021-07-26T19:36:54","guid":{"rendered":"http:\/\/eba.ufmg.br\/nossa-escola\/?p=3917"},"modified":"2021-07-26T16:40:03","modified_gmt":"2021-07-26T19:40:03","slug":"3917","status":"publish","type":"post","link":"https:\/\/www.eba.ufmg.br\/index.php\/3917\/2021\/07\/","title":{"rendered":"O Espa\u00e7o encena: teatralidade e performatividade na cenografia contempor\u00e2nea &#8211; Lan\u00e7amento 28\/07 &#8211; 19h"},"content":{"rendered":"<p>Prezades colegas pesquisadores do campo das artes,<\/p>\n<p>\u00c9 com muita alegria que convido a todes para o lan\u00e7amento do meu livro \u2013 O espa\u00e7o encena: teatralidade e performatividade na cenografia contempor\u00e2nea \u2013 que acontecer\u00e1 na pr\u00f3xima quarta-feira, dia 28 de julho, \u00e0s 19h, no canal Barrac\u00e3o UFMG no Youtube.<\/p>\n<p>O livro \u00e9 fruto da minha pesquisa de doutorado realizada na UNIRIO (Rio de Janeiro), com sandu\u00edche na Universidade de Columbia (Nova York), laureada com Men\u00e7\u00e3o Honrosa no Pr\u00eamio Capes de Tese 2020.<\/p>\n<p>O trabalho parte de uma quest\u00e3o, aparentemente simples, mas que demonstra a necessidade de uma ampla investiga\u00e7\u00e3o te\u00f3rica-conceitual: como o espa\u00e7o c\u00eanico pode ser compreendido como um agente performativo? A pergunta reflete a percep\u00e7\u00e3o de diversos artistas e pesquisadores de que, no teatro contempor\u00e2neo, marcado por uma est\u00e9tica performativa, os elementos n\u00e3o est\u00e3o no palco apenas para \u201csignificar\u201d ou &#8220;representar&#8221; um mundo ficcional, mas, sobretudo, para \u201cperformar\u201d. Nesse contexto, outras quest\u00f5es emergem: Qual seria ent\u00e3o o papel da cenografia? O que seria um cen\u00e1rio performativo? Ou, ainda, como as coisas e objetos performam? Movido por essas reflex\u00f5es, desenvolvo uma minuciosa investiga\u00e7\u00e3o sobre os temas da teatralidade e da performatividade, cruzando conceitos e fundamentos te\u00f3ricos dos estudos da performance, do teatro, das artes visuais, da antropologia e da filosofia, junto a exemplos de objetos emblem\u00e1ticos da hist\u00f3ria da cenografia e de produ\u00e7\u00f5es contempor\u00e2neas internacionais e nacionais, com especial recorte para a produ\u00e7\u00e3o de Minas Gerais.<\/p>\n<p>O livro pode ser comprado atrav\u00e9s do <a href=\"https:\/\/www.livrariasynergia.com.br\/busca?q=Eduardo+Andrade\">site da editora Synergia<\/a> ou atrav\u00e9s do e-mail ednaotem@gmail.com.<\/p>\n<p>Espero voc\u00eas l\u00e1.<\/p>\n<p>Abra\u00e7os!<\/p>\n<p>Ed Andrade<\/p>\n<p><a href=\"https:\/\/www.livrariasynergia.com.br\/busca?q=Eduardo+Andrade\"><img loading=\"lazy\" decoding=\"async\" class=\"alignnone wp-image-3918 size-large\" src=\"http:\/\/eba.ufmg.br\/\/wp-content\/uploads\/2021\/07\/M2-1024x1024.png\" alt=\"\" width=\"720\" height=\"720\" srcset=\"https:\/\/www.eba.ufmg.br\/wp-content\/uploads\/2021\/07\/M2-1024x1024.png 1024w, https:\/\/www.eba.ufmg.br\/wp-content\/uploads\/2021\/07\/M2-150x150.png 150w, https:\/\/www.eba.ufmg.br\/wp-content\/uploads\/2021\/07\/M2-300x300.png 300w, https:\/\/www.eba.ufmg.br\/wp-content\/uploads\/2021\/07\/M2-768x768.png 768w, https:\/\/www.eba.ufmg.br\/wp-content\/uploads\/2021\/07\/M2-230x230.png 230w, https:\/\/www.eba.ufmg.br\/wp-content\/uploads\/2021\/07\/M2-365x365.png 365w, https:\/\/www.eba.ufmg.br\/wp-content\/uploads\/2021\/07\/M2.png 1080w\" sizes=\"auto, (max-width: 720px) 100vw, 720px\" \/><\/a><\/p>\n","protected":false},"excerpt":{"rendered":"<p>Prezades colegas pesquisadores do campo das artes, \u00c9 com muita alegria que convido a todes para o lan\u00e7amento do meu livro \u2013 O espa\u00e7o encena: teatralidade e performatividade na cenografia contempor\u00e2nea \u2013 que acontecer\u00e1 na pr\u00f3xima quarta-feira, dia 28 de<\/p>\n","protected":false},"author":1,"featured_media":0,"comment_status":"closed","ping_status":"open","sticky":false,"template":"","format":"standard","meta":{"_eb_attr":"","footnotes":""},"categories":[64],"tags":[],"class_list":["post-3917","post","type-post","status-publish","format-standard","hentry","category-lancamento-de-livro"],"_links":{"self":[{"href":"https:\/\/www.eba.ufmg.br\/index.php\/wp-json\/wp\/v2\/posts\/3917","targetHints":{"allow":["GET"]}}],"collection":[{"href":"https:\/\/www.eba.ufmg.br\/index.php\/wp-json\/wp\/v2\/posts"}],"about":[{"href":"https:\/\/www.eba.ufmg.br\/index.php\/wp-json\/wp\/v2\/types\/post"}],"author":[{"embeddable":true,"href":"https:\/\/www.eba.ufmg.br\/index.php\/wp-json\/wp\/v2\/users\/1"}],"replies":[{"embeddable":true,"href":"https:\/\/www.eba.ufmg.br\/index.php\/wp-json\/wp\/v2\/comments?post=3917"}],"version-history":[{"count":4,"href":"https:\/\/www.eba.ufmg.br\/index.php\/wp-json\/wp\/v2\/posts\/3917\/revisions"}],"predecessor-version":[{"id":3922,"href":"https:\/\/www.eba.ufmg.br\/index.php\/wp-json\/wp\/v2\/posts\/3917\/revisions\/3922"}],"wp:attachment":[{"href":"https:\/\/www.eba.ufmg.br\/index.php\/wp-json\/wp\/v2\/media?parent=3917"}],"wp:term":[{"taxonomy":"category","embeddable":true,"href":"https:\/\/www.eba.ufmg.br\/index.php\/wp-json\/wp\/v2\/categories?post=3917"},{"taxonomy":"post_tag","embeddable":true,"href":"https:\/\/www.eba.ufmg.br\/index.php\/wp-json\/wp\/v2\/tags?post=3917"}],"curies":[{"name":"wp","href":"https:\/\/api.w.org\/{rel}","templated":true}]}}