{"id":3604,"date":"2021-03-04T12:48:30","date_gmt":"2021-03-04T15:48:30","guid":{"rendered":"http:\/\/eba.ufmg.br\/nossa-escola\/?p=3604"},"modified":"2021-03-04T17:50:04","modified_gmt":"2021-03-04T20:50:04","slug":"15o-festival-de-verao-ufmg-comeca-hoje","status":"publish","type":"post","link":"https:\/\/www.eba.ufmg.br\/index.php\/15o-festival-de-verao-ufmg-comeca-hoje\/2021\/03\/","title":{"rendered":"15\u00ba Festival de Ver\u00e3o UFMG come\u00e7a hoje"},"content":{"rendered":"<p><span style=\"color: #ff0000; font-size: xx-small;\">Texto: Assessoria de Imprensa do 15\u00ba Festival de Ver\u00e3o UFMG<\/span><\/p>\n<p>Tem in\u00edcio hoje, 4 de mar\u00e7o, a <em>15\u00aa edi\u00e7\u00e3o do Festival de Ver\u00e3o UFMG<\/em>. Neste ano, o <em>Festival<\/em>, que marca a programa\u00e7\u00e3o de f\u00e9rias de ver\u00e3o da Universidade, acontece em ambiente virtual. S\u00e3o oito dias de programa\u00e7\u00e3o diversificada, com oficinas, semin\u00e1rios, rodas de conversa, exposi\u00e7\u00f5es, shows e apresenta\u00e7\u00f5es teatrais. Todas as atividades s\u00e3o gratuitas e ser\u00e3o transmitidas pelo canal da Diretoria de A\u00e7\u00e3o Cultural da UFMG no YouTube: <a href=\"http:\/\/youtube.com\/culturaufmg\">youtube.com\/culturaufmg<\/a>.<\/p>\n<p>Com o tema <em>Transversal \u2013 redes de cidadania e direito \u00e0 cultura<\/em>, a programa\u00e7\u00e3o destaca as diversas iniciativas em torno dos direitos culturais hoje. E a programa\u00e7\u00e3o j\u00e1 come\u00e7a com a realiza\u00e7\u00e3o do <em>Semin\u00e1rio Internacional Direito \u00e0 Cultura<\/em>, a partir das 14h. O Semin\u00e1rio re\u00fane pesquisadores, gestores e agentes culturais latino-americanos em mesas-redondas e confer\u00eancias. J\u00e1 \u00e0s 19h haver\u00e1 a solenidade de abertura do <em>15\u00ba Festival de Ver\u00e3o UFMG<\/em>, com a presen\u00e7a da reitora Sandra Regina Goulart Almeida e convidados especiais.<\/p>\n<p>Na sequ\u00eancia, \u00e0s 20h, \u00e9 hora do <em>Renegado Samba Groove<\/em>, com participa\u00e7\u00e3o de Elza Soares. O novo show do cantor e compositor mineiro Fl\u00e1vio Renegado re\u00fane a contund\u00eancia do rap mineiro com a cad\u00eancia do samba carioca. No repert\u00f3rio, cl\u00e1ssicos que todo mundo canta. Recentemente batizado como afilhado musical do \u00edcone Elza Soares, Renegado convida sua madrinha para a grava\u00e7\u00e3o de uma apresenta\u00e7\u00e3o especial, que ser\u00e1 transmitida pelo <em>Festival<\/em>.<\/p>\n<p>Ao longo dos dias seguintes, a programa\u00e7\u00e3o promover\u00e1 outros encontros de consagrados artistas mineiros com o p\u00fablico, como a apresenta\u00e7\u00e3o in\u00e9dita do cantor e instrumentista Maur\u00edcio Tizumba com a cantora Titane; o espet\u00e1culo <em>on-line Doida no Quintal<\/em>, com a atriz Teuda Bara e seu filho Admar Fernandes; e a valoriza\u00e7\u00e3o de saberes tradicionais mineiros, na apresenta\u00e7\u00e3o do grupo Mulheres do Jequitinhonha. Ao mesmo tempo, o evento abre espa\u00e7o para grupos de jovens que atuam na cena cultural da capital mineira.<\/p>\n<p>A programa\u00e7\u00e3o completa est\u00e1 dispon\u00edvel no site do <em>Festival<\/em>: <a href=\"http:\/\/www.ufmg.br\/festivaldeverao\">www.ufmg.br\/festivaldeverao<\/a>.<\/p>\n<p><strong>Festival de Ver\u00e3o UFMG <\/strong><\/p>\n<p>Criado em 2007, o <em>Festival de Ver\u00e3o UFMG<\/em> \u00e9 realizado anualmente pela Diretoria de A\u00e7\u00e3o Cultural da UFMG. A iniciativa visa oferecer ao p\u00fablico e \u00e0 cidade de Belo Horizonte um vasto e significativo programa cultural no per\u00edodo de f\u00e9rias de ver\u00e3o. A proposta \u00e9 reconhecer e promover o processo de intera\u00e7\u00e3o din\u00e2mica entre cultura e educa\u00e7\u00e3o. A programa\u00e7\u00e3o \u00e9 oferecida gratuitamente ao p\u00fablico e inclui cursos, oficinas e palestras que buscam contemplar, al\u00e9m da cultura e arte, todas as \u00e1reas de conhecimento atendidas pela Universidade.<\/p>\n<p><strong>Acompanhe o <em>Festival<\/em>:<\/strong><\/p>\n<p>No Instagram:<a href=\"http:\/\/www.instagram.com\/festival_ufmg\"> festival_ufmg<\/a><\/p>\n<p>No Facebook:<a href=\"https:\/\/www.facebook.com\/festivaldeverao\"> festivaldeverao<\/a><\/p>\n<p>No Twitter:<a href=\"https:\/\/twitter.com\/festivalufmg\"> @festivalufmg<\/a><\/p>\n<p>&nbsp;<\/p>\n","protected":false},"excerpt":{"rendered":"<p>Texto: Assessoria de Imprensa do 15\u00ba Festival de Ver\u00e3o UFMG Tem in\u00edcio hoje, 4 de mar\u00e7o, a 15\u00aa edi\u00e7\u00e3o do Festival de Ver\u00e3o UFMG. Neste ano, o Festival, que marca a programa\u00e7\u00e3o de f\u00e9rias de ver\u00e3o da Universidade, acontece em<\/p>\n","protected":false},"author":1,"featured_media":0,"comment_status":"closed","ping_status":"open","sticky":false,"template":"","format":"standard","meta":{"_eb_attr":"","footnotes":""},"categories":[18],"tags":[],"class_list":["post-3604","post","type-post","status-publish","format-standard","hentry","category-eventos"],"_links":{"self":[{"href":"https:\/\/www.eba.ufmg.br\/index.php\/wp-json\/wp\/v2\/posts\/3604","targetHints":{"allow":["GET"]}}],"collection":[{"href":"https:\/\/www.eba.ufmg.br\/index.php\/wp-json\/wp\/v2\/posts"}],"about":[{"href":"https:\/\/www.eba.ufmg.br\/index.php\/wp-json\/wp\/v2\/types\/post"}],"author":[{"embeddable":true,"href":"https:\/\/www.eba.ufmg.br\/index.php\/wp-json\/wp\/v2\/users\/1"}],"replies":[{"embeddable":true,"href":"https:\/\/www.eba.ufmg.br\/index.php\/wp-json\/wp\/v2\/comments?post=3604"}],"version-history":[{"count":0,"href":"https:\/\/www.eba.ufmg.br\/index.php\/wp-json\/wp\/v2\/posts\/3604\/revisions"}],"wp:attachment":[{"href":"https:\/\/www.eba.ufmg.br\/index.php\/wp-json\/wp\/v2\/media?parent=3604"}],"wp:term":[{"taxonomy":"category","embeddable":true,"href":"https:\/\/www.eba.ufmg.br\/index.php\/wp-json\/wp\/v2\/categories?post=3604"},{"taxonomy":"post_tag","embeddable":true,"href":"https:\/\/www.eba.ufmg.br\/index.php\/wp-json\/wp\/v2\/tags?post=3604"}],"curies":[{"name":"wp","href":"https:\/\/api.w.org\/{rel}","templated":true}]}}