{"id":3357,"date":"2020-11-16T16:10:33","date_gmt":"2020-11-16T19:10:33","guid":{"rendered":"http:\/\/eba.ufmg.br\/nossa-escola\/?p=3357"},"modified":"2020-11-17T16:12:19","modified_gmt":"2020-11-17T19:12:19","slug":"programacao-da-semana-festival-de-teatro-negro-on-line-ufmg","status":"publish","type":"post","link":"https:\/\/www.eba.ufmg.br\/index.php\/programacao-da-semana-festival-de-teatro-negro-on-line-ufmg\/2020\/11\/","title":{"rendered":"Programa\u00e7\u00e3o Da Semana &#8211; Festival De Teatro Negro On Line Ufmg"},"content":{"rendered":"<div><span style=\"font-family: Verdana, Arial, Helvetica, sans-serif;\">O evento conta com 24 atividades gratuitas, sendo que nesta semana (16\/11 \u00e0 22\/11\/2020) ser\u00e3o veiculadas:<\/span><\/div>\n<div><span style=\"font-family: Verdana, Arial, Helvetica, sans-serif;\">\u00a0<\/span><\/div>\n<div><span style=\"font-family: Verdana, Arial, Helvetica, sans-serif;\"><b>~ 16\/11\/2020 (segunda-feira)\u00a0<\/b>&#8211; Espet\u00e1culo \u2018Pai contra M\u00e3e\u2019 da Cia. Fusion de Dan\u00e7as Urbanas \u00e0s 20h00 no canal de YouTube do T.U.\u00a0<\/span><\/div>\n<div><b><span style=\"color: #500050;\"><a href=\"https:\/\/www.youtube.com\/watch?v=6XM98Hqovgc\" target=\"_blank\" rel=\"noopener noreferrer\"><span style=\"color: #1155cc;\">https:\/\/www.youtube.com\/watch?v=6XM98Hqovgc<\/span><\/a><\/span><\/b><span style=\"color: #500050;\">\u00a0<\/span><span style=\"color: #500050;\">\u00a0<\/span><\/div>\n<div><span style=\"font-family: Verdana, Arial, Helvetica, sans-serif;\">\u00a0<\/span><\/div>\n<div><span style=\"font-family: Verdana, Arial, Helvetica, sans-serif;\"><b>~ 17\/11\/2020 (ter\u00e7a-feira)<\/b>\u00a0&#8211; Texto de pesquisa \u2018Teatralidades negras ou a politicidade sens\u00edvel\u2019 por Soraya Martins.\u00a0<\/span><\/div>\n<div><span style=\"font-family: Verdana, Arial, Helvetica, sans-serif;\"><a href=\"https:\/\/issuu.com\/tu.producao\" target=\"_blank\"><b>https:\/\/issuu.com\/tu.producao<\/b><\/a><\/span><\/div>\n<div><span style=\"font-family: Verdana, Arial, Helvetica, sans-serif;\">\u00a0<\/span><\/div>\n<div><span style=\"font-family: Verdana, Arial, Helvetica, sans-serif;\"><b>~ 18\/11\/2020 (quarta-feira)<\/b>\u00a0&#8211; Cena curta de teatro\/performance \u2018Baixa Vis\u00e3o\u2019 de Raniele Barbosa \u00e0s 20h00 no canal do YouTube do T.U.\u00a0<\/span><\/div>\n<div><span style=\"font-family: Verdana, Arial, Helvetica, sans-serif;\"><a href=\"https:\/\/www.youtube.com\/watch?v=ugr1RQJgMhY\" target=\"_blank\"><b>https:\/\/www.youtube.com\/watch?v=ugr1RQJgMhY<\/b><\/a><\/span><\/div>\n<div><span style=\"font-family: Verdana, Arial, Helvetica, sans-serif;\">\u00a0<\/span><\/div>\n<div><span style=\"font-family: Verdana, Arial, Helvetica, sans-serif;\"><b>~ 19\/11\/2020 (quinta-feira)<\/b>\u00a0&#8211; Cena curta de teatro\/performance \u2018Cordel Ruim\u2019 de Thalis Vilas Dama \u00e0s 20h00 no canal do YouTube do T.U. Para assistir, \u00e9 s\u00f3 clicar no link:\u00a0<a href=\"https:\/\/www.youtube.com\/watch?v=fQ7mVXYIF_Q\" target=\"_blank\"><b>https:\/\/www.youtube.com\/watch?v=fQ7mVXYIF_Q<\/b><\/a><\/span><\/div>\n<div><span style=\"font-family: Verdana, Arial, Helvetica, sans-serif;\">\u00a0<\/span><\/div>\n<div><span style=\"font-family: Verdana, Arial, Helvetica, sans-serif;\"><b>~ 20\/11\/2020 (sexta-feira)<\/b>\u00a0&#8211; Dramaturgia \u2018Uma Boneca no Lixo\u2019 por Cristiane Sobral.\u00a0<\/span><\/div>\n<div><span style=\"font-family: Verdana, Arial, Helvetica, sans-serif;\"><a href=\"https:\/\/issuu.com\/tu.producao\" target=\"_blank\"><b>https:\/\/issuu.com\/tu.producao<\/b><\/a>\u00a0\u00a0<\/span><\/div>\n<div><span style=\"font-family: Verdana, Arial, Helvetica, sans-serif;\">+\u00a0\u00a0<\/span><\/div>\n<div>Cena curta de teatro\/performance \u2018Decesso\u2019 de J\u00e9ssica Pierina \u00e0s 20h00 no canal do YouTube do T.U.<\/div>\n<div><span style=\"font-family: Verdana, Arial, Helvetica, sans-serif;\"><a href=\"https:\/\/www.youtube.com\/watch?v=gZCKSEsg_MA\" target=\"_blank\"><b>https:\/\/www.youtube.com\/watch?v=gZCKSEsg_MA<\/b><\/a><\/span><\/div>\n<div><span style=\"font-family: Verdana, Arial, Helvetica, sans-serif;\">\u00a0<\/span><\/div>\n<div><span style=\"font-family: Verdana, Arial, Helvetica, sans-serif;\"><b>~ 21\/11\/2020 (s\u00e1bado)<\/b>\u00a0&#8211; Pe\u00e7a de teatro\/performance \u2018E Se Todas se Chamassem Carmem?\u2019 de Anair Patr\u00edcia \u00e0s 20h00 no canal do YouTube do T.U.\u00a0<\/span><\/div>\n<div><span style=\"font-family: Verdana, Arial, Helvetica, sans-serif;\"><a href=\"https:\/\/www.youtube.com\/watch?v=PJCyYYjddbU\" target=\"_blank\"><b>https:\/\/www.youtube.com\/watch?v=PJCyYYjddbU<\/b><\/a><\/span><\/div>\n<div><span style=\"font-family: Verdana, Arial, Helvetica, sans-serif;\">\u00a0<\/span><\/div>\n<div><span style=\"font-family: Verdana, Arial, Helvetica, sans-serif;\"><b>~ 22\/11\/2020 (domingo)<\/b>\u00a0&#8211; Cena curta de teatro\/performance \u2018Eb\u00f3\u2019 de Anderson Ferreira \u00e0s 20h00 no canal do YouTube do T.U.<\/span><\/div>\n<div><span style=\"font-family: Verdana, Arial, Helvetica, sans-serif;\"><a href=\"https:\/\/www.youtube.com\/watch?v=IvJ7B5WTq7Q\" target=\"_blank\"><b>https:\/\/www.youtube.com\/watch?v=IvJ7B5WTq7Q<\/b><\/a><\/span><\/div>\n<div><span style=\"font-family: Verdana, Arial, Helvetica, sans-serif;\">\u00a0<\/span><\/div>\n<div><b><u>Festival de Teatro Negro On Line da UFMG<\/u><\/b><\/div>\n<div><span style=\"font-family: Verdana, Arial, Helvetica, sans-serif;\">\u00a0<\/span><\/div>\n<div><span style=\"font-family: Verdana, Arial, Helvetica, sans-serif;\">Entre os dias 09 a 29 de novembro de 2020, o Teatro Universit\u00e1rio da UFMG por meio do Projeto de Extens\u00e3o T.U.\u00a0<\/span>Convida vinculado ao Programa T.U: Arte e Sociedade, promove o primeiro Festival de Teatro Negro On Line da UFMG em car\u00e1ter completamente digital nas redes sociais.<\/div>\n<div><span style=\"font-family: Verdana, Arial, Helvetica, sans-serif;\">\u00a0<\/span><\/div>\n<div><span style=\"font-family: Verdana, Arial, Helvetica, sans-serif;\">A idealiza\u00e7\u00e3o e coordena\u00e7\u00e3o do evento \u00e9 assinada pelos professores do Teatro Universit\u00e1rio da UFMG, Denise Pedron e Rog\u00e9rio Lopes, assim como pelo professor da Faculdade de Letras da UFMG, Marcos Alexandre, que juntos pensaram e elaboraram o evento e suas respectivas a\u00e7\u00f5es. <i>&#8220;O Festival de Teatro Negro On Line UFMG \u00e9 um evento que tem um car\u00e1ter pedag\u00f3gico importante, pois as artes negras e seus estudos no campo das pr\u00e1ticas e teorias teatrais ainda s\u00e3o poucos estudadas e divulgadas nas academias e, dentro da UFMG, n\u00e3o deixa de ser diferente. Ainda existem poucas disciplinas que apresentam em seus conte\u00fados discuss\u00f5es acerca da arte e do teatro negro. Por outro lado, a cada ano, h\u00e1 mais interesse por parte dos estudantes sobre a tem\u00e1tica, uma vez que muitos alunos n\u00e3o se veem representados, como sujeitos negros, nas discuss\u00f5es do teatro tradicional&#8221;<\/i>, argumenta a coordena\u00e7\u00e3o do festival.<\/span><\/div>\n<div><span style=\"font-family: Verdana, Arial, Helvetica, sans-serif;\">\u00a0<\/span><\/div>\n<div><span style=\"font-family: Verdana, Arial, Helvetica, sans-serif;\">A programa\u00e7\u00e3o do Festival de Teatro Negro UFMG on line contar\u00e1 com a exibi\u00e7\u00e3o dos trabalhos selecionados e ainda com obras performativas de artistas convidados, textos resultantes de pesquisas acad\u00eamicas, divulga\u00e7\u00e3o de obras dram\u00e1ticas e um mini curso. Todas as atividades ser\u00e3o difundidas em formato digital, uma vez que a pandemia ainda nos impede de encontros presenciais.<\/p>\n<p>Acompanhem nossa programa\u00e7\u00e3o!!!<\/p>\n<p>Att<\/p>\n<p>Festival de Teatro Negro On Line UFMG<\/span><\/div>\n","protected":false},"excerpt":{"rendered":"<p>O evento conta com 24 atividades gratuitas, sendo que nesta semana (16\/11 \u00e0 22\/11\/2020) ser\u00e3o veiculadas: \u00a0 ~ 16\/11\/2020 (segunda-feira)\u00a0&#8211; Espet\u00e1culo \u2018Pai contra M\u00e3e\u2019 da Cia. Fusion de Dan\u00e7as Urbanas \u00e0s 20h00 no canal de YouTube do T.U.\u00a0 https:\/\/www.youtube.com\/watch?v=6XM98Hqovgc\u00a0\u00a0 \u00a0<\/p>\n","protected":false},"author":1,"featured_media":0,"comment_status":"closed","ping_status":"open","sticky":false,"template":"","format":"standard","meta":{"_eb_attr":"","footnotes":""},"categories":[18,57],"tags":[],"class_list":["post-3357","post","type-post","status-publish","format-standard","hentry","category-eventos","category-pecas-de-teatro"],"_links":{"self":[{"href":"https:\/\/www.eba.ufmg.br\/index.php\/wp-json\/wp\/v2\/posts\/3357","targetHints":{"allow":["GET"]}}],"collection":[{"href":"https:\/\/www.eba.ufmg.br\/index.php\/wp-json\/wp\/v2\/posts"}],"about":[{"href":"https:\/\/www.eba.ufmg.br\/index.php\/wp-json\/wp\/v2\/types\/post"}],"author":[{"embeddable":true,"href":"https:\/\/www.eba.ufmg.br\/index.php\/wp-json\/wp\/v2\/users\/1"}],"replies":[{"embeddable":true,"href":"https:\/\/www.eba.ufmg.br\/index.php\/wp-json\/wp\/v2\/comments?post=3357"}],"version-history":[{"count":0,"href":"https:\/\/www.eba.ufmg.br\/index.php\/wp-json\/wp\/v2\/posts\/3357\/revisions"}],"wp:attachment":[{"href":"https:\/\/www.eba.ufmg.br\/index.php\/wp-json\/wp\/v2\/media?parent=3357"}],"wp:term":[{"taxonomy":"category","embeddable":true,"href":"https:\/\/www.eba.ufmg.br\/index.php\/wp-json\/wp\/v2\/categories?post=3357"},{"taxonomy":"post_tag","embeddable":true,"href":"https:\/\/www.eba.ufmg.br\/index.php\/wp-json\/wp\/v2\/tags?post=3357"}],"curies":[{"name":"wp","href":"https:\/\/api.w.org\/{rel}","templated":true}]}}