{"id":2513,"date":"2020-03-02T12:03:11","date_gmt":"2020-03-02T15:03:11","guid":{"rendered":"http:\/\/eba.ufmg.br\/nossa-escola\/?p=2513"},"modified":"2020-03-10T10:26:45","modified_gmt":"2020-03-10T13:26:45","slug":"atividades-de-recepcao-dos-calouros-do-primeiro-semestre-de-2020","status":"publish","type":"post","link":"https:\/\/www.eba.ufmg.br\/index.php\/atividades-de-recepcao-dos-calouros-do-primeiro-semestre-de-2020\/2020\/03\/","title":{"rendered":"Atividades de Recep\u00e7\u00e3o dos Calouros do Primeiro Semestre de 2020"},"content":{"rendered":"<h1 style=\"text-align: center;\"><span style=\"color: #ff0000;\">Dia 03\/03\/2020 (ter\u00e7a-feira) \u2013 Escola de Belas Artes &#8211; Atividades pela manh\u00e3, tarde e noite &#8211; Audit\u00f3rio da Escola de Belas Artes<\/span><\/h1>\n<p>\u2022 Manh\u00e3:<br \/>\n&#8211; 9h &#8211; apresenta\u00e7\u00e3o institucional da Diretoria da EBA<br \/>\n&#8211; 9h10min \u2013 apresenta\u00e7\u00e3o da Coordena\u00e7\u00e3o do Curso de Artes Visuais &#8211; Prof. Rodrigo Borges<br \/>\n&#8211; 9h20min \u2013 apresenta\u00e7\u00e3o da Coordena\u00e7\u00e3o do Curso de Teatro &#8211; Prof. Antonio Hildebrando<br \/>\n&#8211; 9h30min &#8211; apresenta\u00e7\u00e3o da Coordena\u00e7\u00e3o do Curso de Conserva\u00e7\u00e3o e Restaura\u00e7\u00e3o de Bens Culturais M\u00f3veis &#8211; Profa. Maria Alice Hon\u00f3rio Sanna<br \/>\n&#8211; 9h40min -apresenta\u00e7\u00e3o da Representa\u00e7\u00e3o Estudantil \u2013 Diret\u00f3rio Acad\u00eamico da EBA<br \/>\n&#8211; 9h50min &#8211; apresenta\u00e7\u00e3o dos Sistemas Virtuais da UFMG \u2013 Setor de TI da EBA<br \/>\n&#8211; 10h &#8211; apresenta\u00e7\u00e3o da Biblioteca da EBA<\/p>\n<p>\u2022 Tarde:<br \/>\n&#8211; Atividades programadas pelo Diret\u00f3rio Acad\u00eamico da EBA:<br \/>\n&#8211; 14h \u00e0s 15h &#8211; visita \u00e0s depend\u00eancias do Pr\u00e9dio Sede da EBA e Anexos Cecor, Teatro, Dan\u00e7a, Gravura e Cecor, acompanhados pela Coordena\u00e7\u00e3o do Diret\u00f3rio Acad\u00eamico da EBA.<br \/>\n&#8211; A partir das15h \u2013 outras atividades programadas pelo Diret\u00f3rio Acad\u00eamico da EBA. &#8211; <span style=\"color: #ff0000;\">Atividade a confirmar<\/span><\/p>\n<p>\u2022 Noite:<br \/>\n&#8211; 19h &#8211; apresenta\u00e7\u00e3o institucional da Diretoria da EBA<br \/>\n&#8211; 19h10min &#8211; apresenta\u00e7\u00e3o da Coordena\u00e7\u00e3o do Curso de Design de Moda &#8211; Profa. Ana Paola dos Reis<br \/>\n&#8211; 19h20min &#8211; apresenta\u00e7\u00e3o da Coordena\u00e7\u00e3o do Curso de Cinema de Anima\u00e7\u00e3o e Artes Digitais &#8211; Prof. Sim\u00f3n Pedro Breth\u00e9<br \/>\n&#8211; 19h30min &#8211; apresenta\u00e7\u00e3o dos Representa\u00e7\u00e3o Estudantil Diret\u00f3rio Acad\u00eamico da EBA\u2013<br \/>\n&#8211; 19h40min &#8211; apresenta\u00e7\u00e3o da Sistemas Virtuais da UFMG \u2013 Setor de TI da EBA<br \/>\n&#8211; 19h50min &#8211; apresenta\u00e7\u00e3o da Biblioteca da EBA<\/p>\n","protected":false},"excerpt":{"rendered":"<p>Dia 03\/03\/2020 (ter\u00e7a-feira) \u2013 Escola de Belas Artes &#8211; Atividades pela manh\u00e3, tarde e noite &#8211; Audit\u00f3rio da Escola de Belas Artes \u2022 Manh\u00e3: &#8211; 9h &#8211; apresenta\u00e7\u00e3o institucional da Diretoria da EBA &#8211; 9h10min \u2013 apresenta\u00e7\u00e3o da Coordena\u00e7\u00e3o do<\/p>\n","protected":false},"author":1,"featured_media":0,"comment_status":"closed","ping_status":"open","sticky":false,"template":"","format":"standard","meta":{"_eb_attr":"","footnotes":""},"categories":[18],"tags":[],"class_list":["post-2513","post","type-post","status-publish","format-standard","hentry","category-eventos"],"_links":{"self":[{"href":"https:\/\/www.eba.ufmg.br\/index.php\/wp-json\/wp\/v2\/posts\/2513","targetHints":{"allow":["GET"]}}],"collection":[{"href":"https:\/\/www.eba.ufmg.br\/index.php\/wp-json\/wp\/v2\/posts"}],"about":[{"href":"https:\/\/www.eba.ufmg.br\/index.php\/wp-json\/wp\/v2\/types\/post"}],"author":[{"embeddable":true,"href":"https:\/\/www.eba.ufmg.br\/index.php\/wp-json\/wp\/v2\/users\/1"}],"replies":[{"embeddable":true,"href":"https:\/\/www.eba.ufmg.br\/index.php\/wp-json\/wp\/v2\/comments?post=2513"}],"version-history":[{"count":0,"href":"https:\/\/www.eba.ufmg.br\/index.php\/wp-json\/wp\/v2\/posts\/2513\/revisions"}],"wp:attachment":[{"href":"https:\/\/www.eba.ufmg.br\/index.php\/wp-json\/wp\/v2\/media?parent=2513"}],"wp:term":[{"taxonomy":"category","embeddable":true,"href":"https:\/\/www.eba.ufmg.br\/index.php\/wp-json\/wp\/v2\/categories?post=2513"},{"taxonomy":"post_tag","embeddable":true,"href":"https:\/\/www.eba.ufmg.br\/index.php\/wp-json\/wp\/v2\/tags?post=2513"}],"curies":[{"name":"wp","href":"https:\/\/api.w.org\/{rel}","templated":true}]}}